{"id":36877,"date":"2022-02-28T07:34:41","date_gmt":"2022-02-28T10:34:41","guid":{"rendered":"http:\/\/www.almargenweb.com.ar\/web\/?p=36877"},"modified":"2022-02-28T07:34:43","modified_gmt":"2022-02-28T10:34:43","slug":"tras-la-lluvia-sigue-el-mal-tiempo-y-hay-anuncio-de-tormentas-para-todo-el-dia","status":"publish","type":"post","link":"https:\/\/www.almargenweb.com.ar\/web\/tras-la-lluvia-sigue-el-mal-tiempo-y-hay-anuncio-de-tormentas-para-todo-el-dia\/","title":{"rendered":"Tras la lluvia, sigue el mal tiempo y hay anuncio de tormentas para todo el d\u00eda"},"content":{"rendered":"\n<p>El mal tiempo continuar\u00e1 hoy en Esperanza, donde se anuncian tormentas fuertes por la tarde y noche, en tanto la temperatura se ubicar\u00e1 en 21 grados de m\u00ednima y 30 de m\u00e1xima.<\/p>\n\n\n\n<p>Durante el dia de ayer se produjeron en varias regiones de la provincia de Santa Fe, tormentas con fuerte intensidad, que estuvieron acompa\u00f1adas de fuertes r\u00e1fagas de viento, ca\u00edda de granizo de gran tama\u00f1o en varias localidades y una actividad el\u00e9ctrica muy intensa.<\/p>\n\n\n\n<p>En las pr\u00f3ximas horas se espera que la inestabilidad contin\u00fae afectando a la regi\u00f3n, con lluvias y tormentas intermitentes. No se descarta que alguna pueda volver a ser fuerte de forma localizada.<\/p>\n\n\n\n<p>Ya en el martes y mi\u00e9rcoles, el cielo tendr\u00e1 poca nubosidad, casi nula. Las temperaturas ser\u00e1n agradables, sobre todo por las ma\u00f1anas, pero ir\u00e1n en gradual ascenso con el avance de la semana.<\/p>\n<!-- AddThis Advanced Settings generic via filter on the_content --><!-- AddThis Share Buttons generic via filter on the_content -->","protected":false},"excerpt":{"rendered":"<p>El mal tiempo continuar\u00e1 hoy en Esperanza, donde se anuncian tormentas fuertes por la tarde y [&hellip;]<!-- AddThis Advanced Settings generic via filter on get_the_excerpt --><!-- AddThis Share Buttons generic via filter on get_the_excerpt --><\/p>\n","protected":false},"author":16,"featured_media":36879,"comment_status":"open","ping_status":"open","sticky":false,"template":"","format":"standard","meta":{"_seopress_robots_primary_cat":"none","_seopress_titles_title":"","_seopress_titles_desc":"","_seopress_robots_index":"","_themeisle_gutenberg_block_has_review":false,"footnotes":""},"categories":[2,164,21,47],"tags":[],"class_list":["post-36877","post","type-post","status-publish","format-standard","has-post-thumbnail","hentry","category-actualidad","category-ambiente","category-las-colonias","category-locales"],"_links":{"self":[{"href":"https:\/\/www.almargenweb.com.ar\/web\/wp-json\/wp\/v2\/posts\/36877","targetHints":{"allow":["GET"]}}],"collection":[{"href":"https:\/\/www.almargenweb.com.ar\/web\/wp-json\/wp\/v2\/posts"}],"about":[{"href":"https:\/\/www.almargenweb.com.ar\/web\/wp-json\/wp\/v2\/types\/post"}],"author":[{"embeddable":true,"href":"https:\/\/www.almargenweb.com.ar\/web\/wp-json\/wp\/v2\/users\/16"}],"replies":[{"embeddable":true,"href":"https:\/\/www.almargenweb.com.ar\/web\/wp-json\/wp\/v2\/comments?post=36877"}],"version-history":[{"count":1,"href":"https:\/\/www.almargenweb.com.ar\/web\/wp-json\/wp\/v2\/posts\/36877\/revisions"}],"predecessor-version":[{"id":36880,"href":"https:\/\/www.almargenweb.com.ar\/web\/wp-json\/wp\/v2\/posts\/36877\/revisions\/36880"}],"wp:featuredmedia":[{"embeddable":true,"href":"https:\/\/www.almargenweb.com.ar\/web\/wp-json\/wp\/v2\/media\/36879"}],"wp:attachment":[{"href":"https:\/\/www.almargenweb.com.ar\/web\/wp-json\/wp\/v2\/media?parent=36877"}],"wp:term":[{"taxonomy":"category","embeddable":true,"href":"https:\/\/www.almargenweb.com.ar\/web\/wp-json\/wp\/v2\/categories?post=36877"},{"taxonomy":"post_tag","embeddable":true,"href":"https:\/\/www.almargenweb.com.ar\/web\/wp-json\/wp\/v2\/tags?post=36877"}],"curies":[{"name":"wp","href":"https:\/\/api.w.org\/{rel}","templated":true}]}}