{"id":36855,"date":"2022-02-24T09:17:36","date_gmt":"2022-02-24T12:17:36","guid":{"rendered":"http:\/\/www.almargenweb.com.ar\/web\/?p=36855"},"modified":"2022-02-24T09:17:37","modified_gmt":"2022-02-24T12:17:37","slug":"muller-continua-impulsando-la-creacion-del-transporte-urbano-en-esperanza","status":"publish","type":"post","link":"https:\/\/www.almargenweb.com.ar\/web\/muller-continua-impulsando-la-creacion-del-transporte-urbano-en-esperanza\/","title":{"rendered":"M\u00fcller contin\u00faa impulsando la creaci\u00f3n del transporte urbano en Esperanza"},"content":{"rendered":"\n<p>El concejal Rodrigo M\u00fcller particip\u00f3 de una reuni\u00f3n en la Universidad Tecnol\u00f3gica Nacional donde investigadores de Cetram, el grupo cient\u00edfico de Estudios de Transporte Accidentolog\u00eda y Movilidad perteneciente a la Universidad Tecnol\u00f3gica Nacional, realizaron un an\u00e1lisis del proyecto presentado por el referente radical en el Concejo Municipal. El mismo apunta a una combinaci\u00f3n de colectivos con los actuales servicios de remises y la existencia de un sistema de bicicletas que sirva de provisi\u00f3n de pasajeros.<\/p>\n\n\n\n<p>Al respecto, el concejal destac\u00f3 que \u201cfue una reuni\u00f3n muy positiva que nos sirvi\u00f3 para actualizar datos y conocer el trabajo de este grupo que es una referencia en la zona ya que los sistemas de transporte de importantes ciudades, como Santa Fe y Paran\u00e1, se basan en los estudios que ellos realizan\u201d.<\/p>\n\n\n\n<p>\u201cEl encuentro tambi\u00e9n nos permiti\u00f3 actualizar datos sobre los costos operativos del transporte en la actualidad, ya que ha cambiado mucho luego de la pandemia\u201d, a\u00f1adi\u00f3 M\u00fcller. En \u00e9se sentido, explic\u00f3 que \u201cnos solicitaron actualizar los datos de nuestro proyecto apoyados en la realizaci\u00f3n de un estudio integral de movilidad para la ciudad ya que eso nos permitir\u00eda optimizar cualquier implementaci\u00f3n del proyecto\u201d.<\/p>\n\n\n\n<p>Por \u00faltimo, el concejal radical agradeci\u00f3 \u201cel acompa\u00f1amiento de la Dra. Samira Cobos y de Agust\u00edn Dening quien fue una de las tantas personas que aportaron a la elaboraci\u00f3n del proyecto junto con j\u00f3venes de ingenier\u00eda y esperancinos que ven como una necesidad la implementaci\u00f3n del transporte urbano en Esperanza\u201d.<\/p>\n<!-- AddThis Advanced Settings generic via filter on the_content --><!-- AddThis Share Buttons generic via filter on the_content -->","protected":false},"excerpt":{"rendered":"<p>El concejal Rodrigo M\u00fcller particip\u00f3 de una reuni\u00f3n en la Universidad Tecnol\u00f3gica Nacional donde investigadores de [&hellip;]<!-- AddThis Advanced Settings generic via filter on get_the_excerpt --><!-- AddThis Share Buttons generic via filter on get_the_excerpt --><\/p>\n","protected":false},"author":16,"featured_media":36857,"comment_status":"open","ping_status":"open","sticky":false,"template":"","format":"standard","meta":{"_seopress_robots_primary_cat":"none","_seopress_titles_title":"","_seopress_titles_desc":"","_seopress_robots_index":"","_themeisle_gutenberg_block_has_review":false,"footnotes":""},"categories":[2,164,21,47,9,317],"tags":[],"class_list":["post-36855","post","type-post","status-publish","format-standard","has-post-thumbnail","hentry","category-actualidad","category-ambiente","category-las-colonias","category-locales","category-politica","category-transporte"],"_links":{"self":[{"href":"https:\/\/www.almargenweb.com.ar\/web\/wp-json\/wp\/v2\/posts\/36855","targetHints":{"allow":["GET"]}}],"collection":[{"href":"https:\/\/www.almargenweb.com.ar\/web\/wp-json\/wp\/v2\/posts"}],"about":[{"href":"https:\/\/www.almargenweb.com.ar\/web\/wp-json\/wp\/v2\/types\/post"}],"author":[{"embeddable":true,"href":"https:\/\/www.almargenweb.com.ar\/web\/wp-json\/wp\/v2\/users\/16"}],"replies":[{"embeddable":true,"href":"https:\/\/www.almargenweb.com.ar\/web\/wp-json\/wp\/v2\/comments?post=36855"}],"version-history":[{"count":1,"href":"https:\/\/www.almargenweb.com.ar\/web\/wp-json\/wp\/v2\/posts\/36855\/revisions"}],"predecessor-version":[{"id":36858,"href":"https:\/\/www.almargenweb.com.ar\/web\/wp-json\/wp\/v2\/posts\/36855\/revisions\/36858"}],"wp:featuredmedia":[{"embeddable":true,"href":"https:\/\/www.almargenweb.com.ar\/web\/wp-json\/wp\/v2\/media\/36857"}],"wp:attachment":[{"href":"https:\/\/www.almargenweb.com.ar\/web\/wp-json\/wp\/v2\/media?parent=36855"}],"wp:term":[{"taxonomy":"category","embeddable":true,"href":"https:\/\/www.almargenweb.com.ar\/web\/wp-json\/wp\/v2\/categories?post=36855"},{"taxonomy":"post_tag","embeddable":true,"href":"https:\/\/www.almargenweb.com.ar\/web\/wp-json\/wp\/v2\/tags?post=36855"}],"curies":[{"name":"wp","href":"https:\/\/api.w.org\/{rel}","templated":true}]}}