{"id":36843,"date":"2022-02-22T12:02:35","date_gmt":"2022-02-22T15:02:35","guid":{"rendered":"http:\/\/www.almargenweb.com.ar\/web\/?p=36843"},"modified":"2022-02-22T12:02:37","modified_gmt":"2022-02-22T15:02:37","slug":"retorno-a-clases-hasta-cuando-sera-obligatorio-el-uso-de-barbijos-en-las-aulas","status":"publish","type":"post","link":"https:\/\/www.almargenweb.com.ar\/web\/retorno-a-clases-hasta-cuando-sera-obligatorio-el-uso-de-barbijos-en-las-aulas\/","title":{"rendered":"Retorno a clases; hasta cu\u00e1ndo ser\u00e1 obligatorio el uso de barbijos en las aulas"},"content":{"rendered":"\n<p>Las clases en la provincia de Santa Fe comenzar\u00e1n el pr\u00f3ximo 2 de marzo, con presencialidad plena y se extender\u00e1n hasta el 20 de diciembre. Como resultado de esta medida, habr\u00e1 190 d\u00edas de clases presenciales.<\/p>\n\n\n\n<p>En un contexto de pandemia, algunos padres y docentes manifestaron su preocupaci\u00f3n sobre el da\u00f1o que los barbijos pueden hacer a los ni\u00f1os al afectar su capacidad para respirar, ralentizar su desarrollo social y emocional.<\/p>\n\n\n\n<p>La mayor\u00eda de las investigaciones sobre el impacto del uso del barbijo se basa en observaciones retrospectivas de la vida real que pueden seleccionarse m\u00e1s f\u00e1cilmente para argumentar un lado u otro del debate sobre los mandatos de las mascarillas.<\/p>\n\n\n\n<p>No hay duda de que cubrirse boca y nariz reduce la propagaci\u00f3n del coronavirus, pero la evidencia es poca y no determinante sobre c\u00f3mo el enmascaramiento afecta emocionalmente a los ni\u00f1os.<\/p>\n\n\n\n<p>El gobierno de Santa Fe hizo p\u00fablico el protocolo que deber\u00e1 aplicarse para el retorno a las clases presenciales en las escuelas de la provincia.<\/p>\n\n\n\n<p>Adem\u00e1s de una visi\u00f3n general sobre la problem\u00e1tica que plantea la pandemia del Covid-19, el gobierno establece acciones para antes y durante el regreso de los alumnos a clases y realiza una serie de recomendaciones para evitar contagios, como higiene y ventilacion, aunque no menciona el uso de mascarillas o barbijos. <\/p>\n\n\n\n<p><\/p>\n<!-- AddThis Advanced Settings generic via filter on the_content --><!-- AddThis Share Buttons generic via filter on the_content -->","protected":false},"excerpt":{"rendered":"<p>Las clases en la provincia de Santa Fe comenzar\u00e1n el pr\u00f3ximo 2 de marzo, con presencialidad [&hellip;]<!-- AddThis Advanced Settings generic via filter on get_the_excerpt --><!-- AddThis Share Buttons generic via filter on get_the_excerpt --><\/p>\n","protected":false},"author":16,"featured_media":36845,"comment_status":"open","ping_status":"open","sticky":false,"template":"","format":"standard","meta":{"_seopress_robots_primary_cat":"none","_seopress_titles_title":"","_seopress_titles_desc":"","_seopress_robots_index":"","_themeisle_gutenberg_block_has_review":false,"footnotes":""},"categories":[2,164,19],"tags":[],"class_list":["post-36843","post","type-post","status-publish","format-standard","has-post-thumbnail","hentry","category-actualidad","category-ambiente","category-educacion"],"_links":{"self":[{"href":"https:\/\/www.almargenweb.com.ar\/web\/wp-json\/wp\/v2\/posts\/36843","targetHints":{"allow":["GET"]}}],"collection":[{"href":"https:\/\/www.almargenweb.com.ar\/web\/wp-json\/wp\/v2\/posts"}],"about":[{"href":"https:\/\/www.almargenweb.com.ar\/web\/wp-json\/wp\/v2\/types\/post"}],"author":[{"embeddable":true,"href":"https:\/\/www.almargenweb.com.ar\/web\/wp-json\/wp\/v2\/users\/16"}],"replies":[{"embeddable":true,"href":"https:\/\/www.almargenweb.com.ar\/web\/wp-json\/wp\/v2\/comments?post=36843"}],"version-history":[{"count":1,"href":"https:\/\/www.almargenweb.com.ar\/web\/wp-json\/wp\/v2\/posts\/36843\/revisions"}],"predecessor-version":[{"id":36846,"href":"https:\/\/www.almargenweb.com.ar\/web\/wp-json\/wp\/v2\/posts\/36843\/revisions\/36846"}],"wp:featuredmedia":[{"embeddable":true,"href":"https:\/\/www.almargenweb.com.ar\/web\/wp-json\/wp\/v2\/media\/36845"}],"wp:attachment":[{"href":"https:\/\/www.almargenweb.com.ar\/web\/wp-json\/wp\/v2\/media?parent=36843"}],"wp:term":[{"taxonomy":"category","embeddable":true,"href":"https:\/\/www.almargenweb.com.ar\/web\/wp-json\/wp\/v2\/categories?post=36843"},{"taxonomy":"post_tag","embeddable":true,"href":"https:\/\/www.almargenweb.com.ar\/web\/wp-json\/wp\/v2\/tags?post=36843"}],"curies":[{"name":"wp","href":"https:\/\/api.w.org\/{rel}","templated":true}]}}