{"id":36839,"date":"2022-02-22T10:44:05","date_gmt":"2022-02-22T13:44:05","guid":{"rendered":"http:\/\/www.almargenweb.com.ar\/web\/?p=36839"},"modified":"2022-02-22T10:44:06","modified_gmt":"2022-02-22T13:44:06","slug":"incendios-en-corrientes-las-acciones-solidarias-que-impulsa-la-unl","status":"publish","type":"post","link":"https:\/\/www.almargenweb.com.ar\/web\/incendios-en-corrientes-las-acciones-solidarias-que-impulsa-la-unl\/","title":{"rendered":"Incendios en Corrientes: las acciones solidarias que impulsa la UNL"},"content":{"rendered":"\n<p>La Universidad Nacional del Litoral (UNL) impulsa una serie de acciones solidarias para colaborar con Corrientes que padece un ecocidio provocado por los graves incendios que afectan al territorio provincial desde hace m\u00e1s de 50 d\u00edas.<\/p>\n\n\n\n<p>En este sentido, por un lado, desde la instituci\u00f3n educativa se enviar\u00e1n 3000 raciones producidas en la Planta de Alimentos Nutritivos de la Secretar\u00eda de Extensi\u00f3n Social y Cultural. <\/p>\n\n\n\n<p>Adem\u00e1s, desde Facultad de Ciencias Veterinarias de la Universidad Nacional del Litoral (FCV-UNL) se impulsa una iniciativa solidaria y con compromiso socioambiental en pos de recaudar insumos necesarios para el trabajo en la asistencia de animales afectados por los incendios en los Esteros del Ibera.<\/p>\n\n\n\n<p>Desde la Facultad de Ciencias Veterinarias de la UNL se mantiene adem\u00e1s contacto con la Facultad de Veterinaria de la Universidad Nacional del Nordeste (FCV-UNNE) para coordinar acciones y ponerse al servicio, con el fin de brindar asistencia desde nuestra instituci\u00f3n\u201d explico Sergio parra, decano de la facultad.<\/p>\n\n\n\n<p>Desde la instituci\u00f3n explicaron que la iniciativa se impulsa \u201ccon el firme prop\u00f3sito de apoyar a la Red Solidaria Veterinarios en Cat\u00e1strofes, quienes junto a los Consejos Veterinarios de la regi\u00f3n, se encuentran trabajando ante el desastre ambiental que est\u00e1 sufriendo la provincia de Corrientes&#8221; donde m\u00e1s de 800 mil hect\u00e1reas est\u00e1n siendo consumidas por el fuego de los incendios forestales.<\/p>\n\n\n\n<p><\/p>\n<!-- AddThis Advanced Settings generic via filter on the_content --><!-- AddThis Share Buttons generic via filter on the_content -->","protected":false},"excerpt":{"rendered":"<p>La Universidad Nacional del Litoral (UNL) impulsa una serie de acciones solidarias para colaborar con Corrientes [&hellip;]<!-- AddThis Advanced Settings generic via filter on get_the_excerpt --><!-- AddThis Share Buttons generic via filter on get_the_excerpt --><\/p>\n","protected":false},"author":16,"featured_media":36841,"comment_status":"open","ping_status":"open","sticky":false,"template":"","format":"standard","meta":{"_seopress_robots_primary_cat":"none","_seopress_titles_title":"","_seopress_titles_desc":"","_seopress_robots_index":"","_themeisle_gutenberg_block_has_review":false,"footnotes":""},"categories":[2,164,19,47,9,15],"tags":[],"class_list":["post-36839","post","type-post","status-publish","format-standard","has-post-thumbnail","hentry","category-actualidad","category-ambiente","category-educacion","category-locales","category-politica","category-salud"],"_links":{"self":[{"href":"https:\/\/www.almargenweb.com.ar\/web\/wp-json\/wp\/v2\/posts\/36839","targetHints":{"allow":["GET"]}}],"collection":[{"href":"https:\/\/www.almargenweb.com.ar\/web\/wp-json\/wp\/v2\/posts"}],"about":[{"href":"https:\/\/www.almargenweb.com.ar\/web\/wp-json\/wp\/v2\/types\/post"}],"author":[{"embeddable":true,"href":"https:\/\/www.almargenweb.com.ar\/web\/wp-json\/wp\/v2\/users\/16"}],"replies":[{"embeddable":true,"href":"https:\/\/www.almargenweb.com.ar\/web\/wp-json\/wp\/v2\/comments?post=36839"}],"version-history":[{"count":1,"href":"https:\/\/www.almargenweb.com.ar\/web\/wp-json\/wp\/v2\/posts\/36839\/revisions"}],"predecessor-version":[{"id":36842,"href":"https:\/\/www.almargenweb.com.ar\/web\/wp-json\/wp\/v2\/posts\/36839\/revisions\/36842"}],"wp:featuredmedia":[{"embeddable":true,"href":"https:\/\/www.almargenweb.com.ar\/web\/wp-json\/wp\/v2\/media\/36841"}],"wp:attachment":[{"href":"https:\/\/www.almargenweb.com.ar\/web\/wp-json\/wp\/v2\/media?parent=36839"}],"wp:term":[{"taxonomy":"category","embeddable":true,"href":"https:\/\/www.almargenweb.com.ar\/web\/wp-json\/wp\/v2\/categories?post=36839"},{"taxonomy":"post_tag","embeddable":true,"href":"https:\/\/www.almargenweb.com.ar\/web\/wp-json\/wp\/v2\/tags?post=36839"}],"curies":[{"name":"wp","href":"https:\/\/api.w.org\/{rel}","templated":true}]}}