{"id":36819,"date":"2022-02-17T13:30:46","date_gmt":"2022-02-17T16:30:46","guid":{"rendered":"http:\/\/www.almargenweb.com.ar\/web\/?p=36819"},"modified":"2022-02-17T13:30:48","modified_gmt":"2022-02-17T16:30:48","slug":"michlig-tras-superar-el-coronavirus-pense-que-no-salia","status":"publish","type":"post","link":"https:\/\/www.almargenweb.com.ar\/web\/michlig-tras-superar-el-coronavirus-pense-que-no-salia\/","title":{"rendered":"Michlig, tras superar el coronavirus: &#8220;Pens\u00e9 que no sal\u00eda&#8221;"},"content":{"rendered":"\n<p>El legislador padeci\u00f3 neumon\u00eda bilateral y estuvo varios d\u00edas internado en el Hospital &#8220;Jos\u00e9 Mar\u00eda Cullen&#8221;, de la ciudad de Santa Fe. Reci\u00e9n este martes recibi\u00f3 el &#8220;alta&#8221; por parte de las autoridades del nosocomio.<\/p>\n\n\n\n<p>Este martes, autoridades m\u00e9dicas del Hospital Cullen de la ciudad de Santa Fe determinaron la \u201cEXTERNACION del Senador FELIPE MICHLIG\u201d, qui\u00e9n permaneci\u00f3 internado en el nosocomio p\u00fablico por espacio de 14 d\u00edas en calidad de paciente Covid-19.<\/p>\n\n\n\n<p>El parte m\u00e9dico de la fecha indica -adem\u00e1s- que \u201cla evoluci\u00f3n de la neumon\u00eda bilateral se ha revertido positivamente, logrando regularizar todas las variables asociadas a tal afecci\u00f3n. En lo sucesivo el paciente deber\u00e1 guardar reposo domiciliario y continuar con rutina de controles peri\u00f3dicos\u201d.<\/p>\n\n\n\n<p>El Senador Michlig y todo el n\u00facleo familiar reiteran el agradecimiento a \u201cla excelente atenci\u00f3n y dedicaci\u00f3n de los profesionales m\u00e9dicos, personal y autoridades sanitarias, al igual que todas las muestras de afecto y de pronta recuperaci\u00f3n recibidas en este tiempo\u201d. <\/p>\n\n\n\n<p>&#8220;Fue un cuadro complejo pero doy gracias a Dios, a todos los que me rodean y se ocuparon para poder superarlo&#8221;, coment\u00f3 el legislador.<\/p>\n<!-- AddThis Advanced Settings generic via filter on the_content --><!-- AddThis Share Buttons generic via filter on the_content -->","protected":false},"excerpt":{"rendered":"<p>El legislador padeci\u00f3 neumon\u00eda bilateral y estuvo varios d\u00edas internado en el Hospital &#8220;Jos\u00e9 Mar\u00eda Cullen&#8221;, [&hellip;]<!-- AddThis Advanced Settings generic via filter on get_the_excerpt --><!-- AddThis Share Buttons generic via filter on get_the_excerpt --><\/p>\n","protected":false},"author":16,"featured_media":36821,"comment_status":"open","ping_status":"open","sticky":false,"template":"","format":"standard","meta":{"_seopress_robots_primary_cat":"none","_seopress_titles_title":"","_seopress_titles_desc":"","_seopress_robots_index":"","_themeisle_gutenberg_block_has_review":false,"footnotes":""},"categories":[2,164,29,15,321],"tags":[],"class_list":["post-36819","post","type-post","status-publish","format-standard","has-post-thumbnail","hentry","category-actualidad","category-ambiente","category-regionales","category-salud","category-san-cristobal"],"_links":{"self":[{"href":"https:\/\/www.almargenweb.com.ar\/web\/wp-json\/wp\/v2\/posts\/36819","targetHints":{"allow":["GET"]}}],"collection":[{"href":"https:\/\/www.almargenweb.com.ar\/web\/wp-json\/wp\/v2\/posts"}],"about":[{"href":"https:\/\/www.almargenweb.com.ar\/web\/wp-json\/wp\/v2\/types\/post"}],"author":[{"embeddable":true,"href":"https:\/\/www.almargenweb.com.ar\/web\/wp-json\/wp\/v2\/users\/16"}],"replies":[{"embeddable":true,"href":"https:\/\/www.almargenweb.com.ar\/web\/wp-json\/wp\/v2\/comments?post=36819"}],"version-history":[{"count":1,"href":"https:\/\/www.almargenweb.com.ar\/web\/wp-json\/wp\/v2\/posts\/36819\/revisions"}],"predecessor-version":[{"id":36822,"href":"https:\/\/www.almargenweb.com.ar\/web\/wp-json\/wp\/v2\/posts\/36819\/revisions\/36822"}],"wp:featuredmedia":[{"embeddable":true,"href":"https:\/\/www.almargenweb.com.ar\/web\/wp-json\/wp\/v2\/media\/36821"}],"wp:attachment":[{"href":"https:\/\/www.almargenweb.com.ar\/web\/wp-json\/wp\/v2\/media?parent=36819"}],"wp:term":[{"taxonomy":"category","embeddable":true,"href":"https:\/\/www.almargenweb.com.ar\/web\/wp-json\/wp\/v2\/categories?post=36819"},{"taxonomy":"post_tag","embeddable":true,"href":"https:\/\/www.almargenweb.com.ar\/web\/wp-json\/wp\/v2\/tags?post=36819"}],"curies":[{"name":"wp","href":"https:\/\/api.w.org\/{rel}","templated":true}]}}