{"id":36814,"date":"2022-02-16T11:51:57","date_gmt":"2022-02-16T14:51:57","guid":{"rendered":"http:\/\/www.almargenweb.com.ar\/web\/?p=36814"},"modified":"2022-02-16T11:51:59","modified_gmt":"2022-02-16T14:51:59","slug":"el-vivero-de-san-carlos-sud-produce-especies-para-renovar-la-forestacion-urbana","status":"publish","type":"post","link":"https:\/\/www.almargenweb.com.ar\/web\/el-vivero-de-san-carlos-sud-produce-especies-para-renovar-la-forestacion-urbana\/","title":{"rendered":"El vivero de San Carlos Sud produce especies para renovar la forestaci\u00f3n urbana"},"content":{"rendered":"\n<p>En materia ambiental desde la comuna local se trabaja en un nuevo proyecto junto al vivero para generar especies arb\u00f3reas que sirvan para forestar la zona urbana de la localidad.<\/p>\n\n\n\n<p>Sobre este tema, la Presidenta comunal, Florencia Primo, sostuvo que ya se empez\u00f3 con la producci\u00f3n de fresnos, que en principio se van a utilizar en el casco urbano pero tambi\u00e9n la idea es llevar a cabo una producci\u00f3n que est\u00e9 destinada exclusivamente al \u00e1rea rural.<\/p>\n\n\n\n<p>\u201cLa idea es contar con una determinada cantidad de especies arb\u00f3reas para ser entregados a los productores. Ya se ha hecho en la gesti\u00f3n de Santiago Walker, en el a\u00f1o 2020, con una respuesta muy importante, donde se hab\u00edan entregado casi 70 ejemplares\u201d.<\/p>\n\n\n\n<p>En aquella oportunidad el presidente comunal Santiago Walker record\u00f3 que se utilizar\u00edan los \u00e1rboles producidos en el vivero comunal desde el a\u00f1o 2016. \u201cBuscamos recuperar la masa forestal en los campos de nuestra localidad. El programa est\u00e1 destinado a los productores del distrito que est\u00e9n interesados en forestal su \u00e1rea rural\u201d.<\/p>\n\n\n\n<figure class=\"wp-block-image size-large\"><img loading=\"lazy\" decoding=\"async\" width=\"1024\" height=\"641\" src=\"https:\/\/www.almargenweb.com.ar\/web\/wp-content\/uploads\/2022\/02\/multimedia.normal.9c439b84fd542796.30343036323032312d706c617a615f6e6f726d616c2e6a7067-1024x641.jpg\" alt=\"\" class=\"wp-image-36817\" srcset=\"https:\/\/www.almargenweb.com.ar\/web\/wp-content\/uploads\/2022\/02\/multimedia.normal.9c439b84fd542796.30343036323032312d706c617a615f6e6f726d616c2e6a7067-1024x641.jpg 1024w, https:\/\/www.almargenweb.com.ar\/web\/wp-content\/uploads\/2022\/02\/multimedia.normal.9c439b84fd542796.30343036323032312d706c617a615f6e6f726d616c2e6a7067-300x188.jpg 300w, https:\/\/www.almargenweb.com.ar\/web\/wp-content\/uploads\/2022\/02\/multimedia.normal.9c439b84fd542796.30343036323032312d706c617a615f6e6f726d616c2e6a7067-768x481.jpg 768w, https:\/\/www.almargenweb.com.ar\/web\/wp-content\/uploads\/2022\/02\/multimedia.normal.9c439b84fd542796.30343036323032312d706c617a615f6e6f726d616c2e6a7067.jpg 1100w\" sizes=\"auto, (max-width: 1024px) 100vw, 1024px\" \/><figcaption>La plantaci\u00f3n de ejemplares de cal\u00e9ndulas en diferentes espacios p\u00fablicos de la localidad: cementerio, plaza y plazoleta.<\/figcaption><\/figure>\n\n\n\n<p>Vale destacar que en el a\u00f1o 1935 se realiz\u00f3 un Inventario Forestal Nacional. En ese momento se determin\u00f3 que la Provincia contaba con 5.900.000 hect\u00e1reas de bosques no insular.<\/p>\n\n\n\n<p>All\u00ed el relevamiento realizado en 2008 a ra\u00edz de la adhesi\u00f3n a la ley Nacional de Presupuestos m\u00ednimos de Bosque Nativo nos da cuenta de la existencia de alrededor de 1.500.000 ha. <\/p>\n\n\n\n<p>En aproximadamente 80 a\u00f1os se perdieron algo m\u00e1s de 4.000.000 de hect\u00e1reas cubiertas de masa forestal<\/p>\n<!-- AddThis Advanced Settings generic via filter on the_content --><!-- AddThis Share Buttons generic via filter on the_content -->","protected":false},"excerpt":{"rendered":"<p>En materia ambiental desde la comuna local se trabaja en un nuevo proyecto junto al vivero [&hellip;]<!-- AddThis Advanced Settings generic via filter on get_the_excerpt --><!-- AddThis Share Buttons generic via filter on get_the_excerpt --><\/p>\n","protected":false},"author":16,"featured_media":36816,"comment_status":"open","ping_status":"open","sticky":false,"template":"","format":"standard","meta":{"_seopress_robots_primary_cat":"none","_seopress_titles_title":"","_seopress_titles_desc":"","_seopress_robots_index":"","_themeisle_gutenberg_block_has_review":false,"footnotes":""},"categories":[2,164,21,29],"tags":[],"class_list":["post-36814","post","type-post","status-publish","format-standard","has-post-thumbnail","hentry","category-actualidad","category-ambiente","category-las-colonias","category-regionales"],"_links":{"self":[{"href":"https:\/\/www.almargenweb.com.ar\/web\/wp-json\/wp\/v2\/posts\/36814","targetHints":{"allow":["GET"]}}],"collection":[{"href":"https:\/\/www.almargenweb.com.ar\/web\/wp-json\/wp\/v2\/posts"}],"about":[{"href":"https:\/\/www.almargenweb.com.ar\/web\/wp-json\/wp\/v2\/types\/post"}],"author":[{"embeddable":true,"href":"https:\/\/www.almargenweb.com.ar\/web\/wp-json\/wp\/v2\/users\/16"}],"replies":[{"embeddable":true,"href":"https:\/\/www.almargenweb.com.ar\/web\/wp-json\/wp\/v2\/comments?post=36814"}],"version-history":[{"count":1,"href":"https:\/\/www.almargenweb.com.ar\/web\/wp-json\/wp\/v2\/posts\/36814\/revisions"}],"predecessor-version":[{"id":36818,"href":"https:\/\/www.almargenweb.com.ar\/web\/wp-json\/wp\/v2\/posts\/36814\/revisions\/36818"}],"wp:featuredmedia":[{"embeddable":true,"href":"https:\/\/www.almargenweb.com.ar\/web\/wp-json\/wp\/v2\/media\/36816"}],"wp:attachment":[{"href":"https:\/\/www.almargenweb.com.ar\/web\/wp-json\/wp\/v2\/media?parent=36814"}],"wp:term":[{"taxonomy":"category","embeddable":true,"href":"https:\/\/www.almargenweb.com.ar\/web\/wp-json\/wp\/v2\/categories?post=36814"},{"taxonomy":"post_tag","embeddable":true,"href":"https:\/\/www.almargenweb.com.ar\/web\/wp-json\/wp\/v2\/tags?post=36814"}],"curies":[{"name":"wp","href":"https:\/\/api.w.org\/{rel}","templated":true}]}}