{"id":36810,"date":"2022-02-16T10:10:15","date_gmt":"2022-02-16T13:10:15","guid":{"rendered":"http:\/\/www.almargenweb.com.ar\/web\/?p=36810"},"modified":"2022-02-16T10:10:17","modified_gmt":"2022-02-16T13:10:17","slug":"el-pan-subio-cerca-de-25-por-el-aumento-en-la-bolsa-de-harina","status":"publish","type":"post","link":"https:\/\/www.almargenweb.com.ar\/web\/el-pan-subio-cerca-de-25-por-el-aumento-en-la-bolsa-de-harina\/","title":{"rendered":"El pan subi\u00f3 cerca de 25% por el aumento en la bolsa de harina"},"content":{"rendered":"\n<p>La causa del aumento del pan que se viene se explica en la suba del precio de la harina, de entre el 14 y 18%, sumado al de la levadura de 35%.  El kilo de pan m\u00e1s barato estar\u00eda entre $220 y $230, y las especialidades llegar\u00e1n a costar $250.<\/p>\n\n\n\n<p>Sin embargo, de las estad\u00edsticas difundidas por la Fundaci\u00f3n Agropecuaria para el Desarrollo de Argentina (FADA) del 2021 se desprende que apenas poco m\u00e1s del 20% del valor de mostrador del pan se corresponde con el costo de sus insumos.<\/p>\n\n\n\n<p>El \u00faltimo aumento del pan fue en noviembre del a\u00f1o pasado en la ciudad, de un 10% y hasta el 12%, por lo que el pan estaba costando entre $210 y $220 las especialidades. <\/p>\n\n\n\n<p>De acuerdo con las \u00faltimas mediciones del Indec sobre inflaci\u00f3n, el pan franc\u00e9s por ejemplo ya acumul\u00f3 una suba superior al 48%, ya que en diciembre del 2020 el kilo costaba $120 y ya duplica ese valor.<\/p>\n\n\n\n<p><\/p>\n<!-- AddThis Advanced Settings generic via filter on the_content --><!-- AddThis Share Buttons generic via filter on the_content -->","protected":false},"excerpt":{"rendered":"<p>La causa del aumento del pan que se viene se explica en la suba del precio [&hellip;]<!-- AddThis Advanced Settings generic via filter on get_the_excerpt --><!-- AddThis Share Buttons generic via filter on get_the_excerpt --><\/p>\n","protected":false},"author":16,"featured_media":36812,"comment_status":"open","ping_status":"open","sticky":false,"template":"","format":"standard","meta":{"_seopress_robots_primary_cat":"none","_seopress_titles_title":"","_seopress_titles_desc":"","_seopress_robots_index":"","_themeisle_gutenberg_block_has_review":false,"footnotes":""},"categories":[2,5,47,140],"tags":[],"class_list":["post-36810","post","type-post","status-publish","format-standard","has-post-thumbnail","hentry","category-actualidad","category-economia","category-locales","category-nacionales"],"_links":{"self":[{"href":"https:\/\/www.almargenweb.com.ar\/web\/wp-json\/wp\/v2\/posts\/36810","targetHints":{"allow":["GET"]}}],"collection":[{"href":"https:\/\/www.almargenweb.com.ar\/web\/wp-json\/wp\/v2\/posts"}],"about":[{"href":"https:\/\/www.almargenweb.com.ar\/web\/wp-json\/wp\/v2\/types\/post"}],"author":[{"embeddable":true,"href":"https:\/\/www.almargenweb.com.ar\/web\/wp-json\/wp\/v2\/users\/16"}],"replies":[{"embeddable":true,"href":"https:\/\/www.almargenweb.com.ar\/web\/wp-json\/wp\/v2\/comments?post=36810"}],"version-history":[{"count":1,"href":"https:\/\/www.almargenweb.com.ar\/web\/wp-json\/wp\/v2\/posts\/36810\/revisions"}],"predecessor-version":[{"id":36813,"href":"https:\/\/www.almargenweb.com.ar\/web\/wp-json\/wp\/v2\/posts\/36810\/revisions\/36813"}],"wp:featuredmedia":[{"embeddable":true,"href":"https:\/\/www.almargenweb.com.ar\/web\/wp-json\/wp\/v2\/media\/36812"}],"wp:attachment":[{"href":"https:\/\/www.almargenweb.com.ar\/web\/wp-json\/wp\/v2\/media?parent=36810"}],"wp:term":[{"taxonomy":"category","embeddable":true,"href":"https:\/\/www.almargenweb.com.ar\/web\/wp-json\/wp\/v2\/categories?post=36810"},{"taxonomy":"post_tag","embeddable":true,"href":"https:\/\/www.almargenweb.com.ar\/web\/wp-json\/wp\/v2\/tags?post=36810"}],"curies":[{"name":"wp","href":"https:\/\/api.w.org\/{rel}","templated":true}]}}