{"id":36798,"date":"2022-02-14T11:36:57","date_gmt":"2022-02-14T14:36:57","guid":{"rendered":"http:\/\/www.almargenweb.com.ar\/web\/?p=36798"},"modified":"2022-02-14T13:22:59","modified_gmt":"2022-02-14T16:22:59","slug":"rodrigo-muller-lanzo-la-guia-del-inquilino-y-propone-que-la-oficina-de-del-consumidor-amplie-sus-funciones-como-oficina-del-inquilino","status":"publish","type":"post","link":"https:\/\/www.almargenweb.com.ar\/web\/rodrigo-muller-lanzo-la-guia-del-inquilino-y-propone-que-la-oficina-de-del-consumidor-amplie-sus-funciones-como-oficina-del-inquilino\/","title":{"rendered":"Rodrigo M\u00fcller lanz\u00f3 la \u201cGu\u00eda del Inquilino\u201d y propone que la Oficina del Consumidor amplie sus funciones como Oficina del Inquilino."},"content":{"rendered":"\n<p>El concejal Rodrigo M\u00fcller lanz\u00f3 la \u201cGu\u00eda del Inquilino\u201d, un manual que contiene recomendaciones para cada momento que inquilinos e inquilinas transitan a la hora de alquilar como por ejemplo: el armado de contrato, la toma de posesi\u00f3n de la vivienda, los aumentos, los desperfectos o arreglos que aparecen durante la vigencia del contrato, la entrega de llaves, entre otros.<\/p>\n\n\n\n<p>\u201cSe trata de una herramienta de utilidad para inquilinos de viviendas en Esperanza como as\u00ed tambi\u00e9n para aquellos que se van a estudiar a otras localidades\u201d, expres\u00f3 M\u00fcller.<\/p>\n\n\n\n<p>En \u00e9se sentido, el referente radical a\u00f1adi\u00f3 que \u201cel objetivo es que los ciudadanos recurran a la gu\u00eda para despejar las dudas que puedan generarse, brind\u00e1ndole seguridad en cada etapa que debe transitar y conciencia de sus derechos y obligaciones\u201d.<\/p>\n\n\n\n<p><strong>Oficina del inquilino<\/strong><\/p>\n\n\n\n<p>Del mismo modo, M\u00fcller se refiri\u00f3 a la necesidad de que en la ciudad haya un espacio<br>para atender a las demandas e inquietudes de los inquilinos e inquilinas. <\/p>\n\n\n\n<p>\u201cSe trata de unproyecto, que surgi\u00f3 de conversaciones con dirigentes del partido Creo en Esperanza, en<br>especial Federico Gonzalez y Maria Jose Niescierowicz para que exista una oficina, similar a la de la ciudad de SantaFe, donde puedan acudir quienes se encuentran con la imposibilidad de acceder a una vivienda propia\u201d.<\/p>\n\n\n\n<p>&#8220;El acceso a una vivienda digna constituye un derecho, por lo cual el municipio debe<br>considerar el servicio al inquilino como de primera necesidad cuando el acceso definitivo a<br>una vivienda se torna dificultoso\u201d, agreg\u00f3 el edil y puntualiz\u00f3 que \u201csumar estas funciones a<br>la Oficina de Defensa del Consumidor no arrojar\u00eda mayores gastos para el municipio ya<br>que la misma se encuentra en funcionamiento\u201d.<\/p>\n<!-- AddThis Advanced Settings generic via filter on the_content --><!-- AddThis Share Buttons generic via filter on the_content -->","protected":false},"excerpt":{"rendered":"<p>El concejal Rodrigo M\u00fcller lanz\u00f3 la \u201cGu\u00eda del Inquilino\u201d, un manual que contiene recomendaciones para cada [&hellip;]<!-- AddThis Advanced Settings generic via filter on get_the_excerpt --><!-- AddThis Share Buttons generic via filter on get_the_excerpt --><\/p>\n","protected":false},"author":16,"featured_media":36800,"comment_status":"open","ping_status":"open","sticky":false,"template":"","format":"standard","meta":{"_seopress_robots_primary_cat":"none","_seopress_titles_title":"","_seopress_titles_desc":"","_seopress_robots_index":"","_themeisle_gutenberg_block_has_review":false,"footnotes":""},"categories":[2,164,5,21,47,9],"tags":[],"class_list":["post-36798","post","type-post","status-publish","format-standard","has-post-thumbnail","hentry","category-actualidad","category-ambiente","category-economia","category-las-colonias","category-locales","category-politica"],"_links":{"self":[{"href":"https:\/\/www.almargenweb.com.ar\/web\/wp-json\/wp\/v2\/posts\/36798","targetHints":{"allow":["GET"]}}],"collection":[{"href":"https:\/\/www.almargenweb.com.ar\/web\/wp-json\/wp\/v2\/posts"}],"about":[{"href":"https:\/\/www.almargenweb.com.ar\/web\/wp-json\/wp\/v2\/types\/post"}],"author":[{"embeddable":true,"href":"https:\/\/www.almargenweb.com.ar\/web\/wp-json\/wp\/v2\/users\/16"}],"replies":[{"embeddable":true,"href":"https:\/\/www.almargenweb.com.ar\/web\/wp-json\/wp\/v2\/comments?post=36798"}],"version-history":[{"count":2,"href":"https:\/\/www.almargenweb.com.ar\/web\/wp-json\/wp\/v2\/posts\/36798\/revisions"}],"predecessor-version":[{"id":36803,"href":"https:\/\/www.almargenweb.com.ar\/web\/wp-json\/wp\/v2\/posts\/36798\/revisions\/36803"}],"wp:featuredmedia":[{"embeddable":true,"href":"https:\/\/www.almargenweb.com.ar\/web\/wp-json\/wp\/v2\/media\/36800"}],"wp:attachment":[{"href":"https:\/\/www.almargenweb.com.ar\/web\/wp-json\/wp\/v2\/media?parent=36798"}],"wp:term":[{"taxonomy":"category","embeddable":true,"href":"https:\/\/www.almargenweb.com.ar\/web\/wp-json\/wp\/v2\/categories?post=36798"},{"taxonomy":"post_tag","embeddable":true,"href":"https:\/\/www.almargenweb.com.ar\/web\/wp-json\/wp\/v2\/tags?post=36798"}],"curies":[{"name":"wp","href":"https:\/\/api.w.org\/{rel}","templated":true}]}}