{"id":36794,"date":"2022-02-13T12:10:17","date_gmt":"2022-02-13T15:10:17","guid":{"rendered":"http:\/\/www.almargenweb.com.ar\/web\/?p=36794"},"modified":"2022-02-13T12:10:18","modified_gmt":"2022-02-13T15:10:18","slug":"otro-aumento-peajes-mas-caros-en-ruta-6-y-ruta70","status":"publish","type":"post","link":"https:\/\/www.almargenweb.com.ar\/web\/otro-aumento-peajes-mas-caros-en-ruta-6-y-ruta70\/","title":{"rendered":"Otro aumento; peajes mas caros en Ruta 6 y Ruta70"},"content":{"rendered":"\n<p>El Gobierno provincial autoriz\u00f3 una actualizaci\u00f3n tarifaria, a partir de la hora cero del domingo 13 de febrero, en los peajes de los tres consorcios viales formado por comunas y municipios.<\/p>\n\n\n\n<p>El caso del consorcio Vial N\u00b0 9, integrado por las rutas provinciales 70 y 6, para la Categor\u00eda 1 (autos y camionetas) percibir\u00e1 una tasa b\u00e1sica de $ 60.<\/p>\n\n\n\n<p>La Direcci\u00f3n Provincial de Vialidad adelanto que en dos meses podria haber otro aumento para llega a los a los $ 70.<\/p>\n\n\n\n<p>Este aumento habilitado por el Gobierno de Omar Perotti, se suma a las actualizaciones tarifarias de agua y energia, planteados para este primer semestre del 2022.<\/p>\n<!-- AddThis Advanced Settings generic via filter on the_content --><!-- AddThis Share Buttons generic via filter on the_content -->","protected":false},"excerpt":{"rendered":"<p>El Gobierno provincial autoriz\u00f3 una actualizaci\u00f3n tarifaria, a partir de la hora cero del domingo 13 [&hellip;]<!-- AddThis Advanced Settings generic via filter on get_the_excerpt --><!-- AddThis Share Buttons generic via filter on get_the_excerpt --><\/p>\n","protected":false},"author":16,"featured_media":36796,"comment_status":"open","ping_status":"open","sticky":false,"template":"","format":"standard","meta":{"_seopress_robots_primary_cat":"none","_seopress_titles_title":"","_seopress_titles_desc":"","_seopress_robots_index":"","_themeisle_gutenberg_block_has_review":false,"footnotes":""},"categories":[2,5,21,47,317],"tags":[],"class_list":["post-36794","post","type-post","status-publish","format-standard","has-post-thumbnail","hentry","category-actualidad","category-economia","category-las-colonias","category-locales","category-transporte"],"_links":{"self":[{"href":"https:\/\/www.almargenweb.com.ar\/web\/wp-json\/wp\/v2\/posts\/36794","targetHints":{"allow":["GET"]}}],"collection":[{"href":"https:\/\/www.almargenweb.com.ar\/web\/wp-json\/wp\/v2\/posts"}],"about":[{"href":"https:\/\/www.almargenweb.com.ar\/web\/wp-json\/wp\/v2\/types\/post"}],"author":[{"embeddable":true,"href":"https:\/\/www.almargenweb.com.ar\/web\/wp-json\/wp\/v2\/users\/16"}],"replies":[{"embeddable":true,"href":"https:\/\/www.almargenweb.com.ar\/web\/wp-json\/wp\/v2\/comments?post=36794"}],"version-history":[{"count":1,"href":"https:\/\/www.almargenweb.com.ar\/web\/wp-json\/wp\/v2\/posts\/36794\/revisions"}],"predecessor-version":[{"id":36797,"href":"https:\/\/www.almargenweb.com.ar\/web\/wp-json\/wp\/v2\/posts\/36794\/revisions\/36797"}],"wp:featuredmedia":[{"embeddable":true,"href":"https:\/\/www.almargenweb.com.ar\/web\/wp-json\/wp\/v2\/media\/36796"}],"wp:attachment":[{"href":"https:\/\/www.almargenweb.com.ar\/web\/wp-json\/wp\/v2\/media?parent=36794"}],"wp:term":[{"taxonomy":"category","embeddable":true,"href":"https:\/\/www.almargenweb.com.ar\/web\/wp-json\/wp\/v2\/categories?post=36794"},{"taxonomy":"post_tag","embeddable":true,"href":"https:\/\/www.almargenweb.com.ar\/web\/wp-json\/wp\/v2\/tags?post=36794"}],"curies":[{"name":"wp","href":"https:\/\/api.w.org\/{rel}","templated":true}]}}