{"id":36770,"date":"2022-02-09T09:11:28","date_gmt":"2022-02-09T12:11:28","guid":{"rendered":"http:\/\/www.almargenweb.com.ar\/web\/?p=36770"},"modified":"2022-02-09T09:11:29","modified_gmt":"2022-02-09T12:11:29","slug":"pese-a-los-controles-los-alimentos-no-dan-tregua-y-acumulan-un-alza-del-10-en-los-ultimos-tres-meses","status":"publish","type":"post","link":"https:\/\/www.almargenweb.com.ar\/web\/pese-a-los-controles-los-alimentos-no-dan-tregua-y-acumulan-un-alza-del-10-en-los-ultimos-tres-meses\/","title":{"rendered":"Pese a los controles, los alimentos no dan tregua y acumulan un alza del 10% en los \u00faltimos tres meses"},"content":{"rendered":"\n<p>Pasaron casi cuatro meses desde que la Secretaria de Comercio Interior dispuso el nuevo control de precios para frenar el alza de los aliemntos. <\/p>\n\n\n\n<p>El plan -Precios Cuidados extendido- s\u00f3lo pudo cumplirse en las grandes cadenas y porque, adem\u00e1s, no incluy\u00f3 a los productos frescos, imposibles de controlar por la gran atomizaci\u00f3n de sus fabricantes.<\/p>\n\n\n\n<p>En la primera semana de enero, el aumento en alimentos y bebidas ascendi\u00f3 a 1,8%. Lideraron la suba las verduras 4,5% y los productos l\u00e1cteos y huevos 2,7% <\/p>\n\n\n\n<p>La batalla de los productos frescos, como la carne, el tomate, la papa, las verduras, tuvo en la primer semana de febrero, un aumento promedio del 1,8%. <\/p>\n\n\n\n<p>A la cuesti\u00f3n t\u00edpicamente estacional del verano, se sum\u00f3 este a\u00f1o el clima, tanto las altas temperaturas como las intensas lluvias, lo que provoc\u00f3 la destrucci\u00f3n de muchos cultivos y la fuerte disminuci\u00f3n de la oferta.<\/p>\n\n\n\n<p>Sigue sin haber una pol\u00edtica antiinflacionaria integral. La inflaci\u00f3n es un problema macroecon\u00f3mico, no se va a resolver persiguiendo carniceros y verduleros.<\/p>\n<!-- AddThis Advanced Settings generic via filter on the_content --><!-- AddThis Share Buttons generic via filter on the_content -->","protected":false},"excerpt":{"rendered":"<p>Pasaron casi cuatro meses desde que la Secretaria de Comercio Interior dispuso el nuevo control de [&hellip;]<!-- AddThis Advanced Settings generic via filter on get_the_excerpt --><!-- AddThis Share Buttons generic via filter on get_the_excerpt --><\/p>\n","protected":false},"author":16,"featured_media":36772,"comment_status":"open","ping_status":"open","sticky":false,"template":"","format":"standard","meta":{"_seopress_robots_primary_cat":"none","_seopress_titles_title":"","_seopress_titles_desc":"","_seopress_robots_index":"","_themeisle_gutenberg_block_has_review":false,"footnotes":""},"categories":[2,164,5,140,9],"tags":[],"class_list":["post-36770","post","type-post","status-publish","format-standard","has-post-thumbnail","hentry","category-actualidad","category-ambiente","category-economia","category-nacionales","category-politica"],"_links":{"self":[{"href":"https:\/\/www.almargenweb.com.ar\/web\/wp-json\/wp\/v2\/posts\/36770","targetHints":{"allow":["GET"]}}],"collection":[{"href":"https:\/\/www.almargenweb.com.ar\/web\/wp-json\/wp\/v2\/posts"}],"about":[{"href":"https:\/\/www.almargenweb.com.ar\/web\/wp-json\/wp\/v2\/types\/post"}],"author":[{"embeddable":true,"href":"https:\/\/www.almargenweb.com.ar\/web\/wp-json\/wp\/v2\/users\/16"}],"replies":[{"embeddable":true,"href":"https:\/\/www.almargenweb.com.ar\/web\/wp-json\/wp\/v2\/comments?post=36770"}],"version-history":[{"count":1,"href":"https:\/\/www.almargenweb.com.ar\/web\/wp-json\/wp\/v2\/posts\/36770\/revisions"}],"predecessor-version":[{"id":36773,"href":"https:\/\/www.almargenweb.com.ar\/web\/wp-json\/wp\/v2\/posts\/36770\/revisions\/36773"}],"wp:featuredmedia":[{"embeddable":true,"href":"https:\/\/www.almargenweb.com.ar\/web\/wp-json\/wp\/v2\/media\/36772"}],"wp:attachment":[{"href":"https:\/\/www.almargenweb.com.ar\/web\/wp-json\/wp\/v2\/media?parent=36770"}],"wp:term":[{"taxonomy":"category","embeddable":true,"href":"https:\/\/www.almargenweb.com.ar\/web\/wp-json\/wp\/v2\/categories?post=36770"},{"taxonomy":"post_tag","embeddable":true,"href":"https:\/\/www.almargenweb.com.ar\/web\/wp-json\/wp\/v2\/tags?post=36770"}],"curies":[{"name":"wp","href":"https:\/\/api.w.org\/{rel}","templated":true}]}}