{"id":36736,"date":"2022-02-03T17:33:58","date_gmt":"2022-02-03T20:33:58","guid":{"rendered":"http:\/\/www.almargenweb.com.ar\/web\/?p=36736"},"modified":"2022-02-03T17:33:59","modified_gmt":"2022-02-03T20:33:59","slug":"por-que-nuevamente-se-disparo-el-precio-de-la-yerba-mate-es-el-producto-que-mas-aumento-en-los-ultimos-13-anos","status":"publish","type":"post","link":"https:\/\/www.almargenweb.com.ar\/web\/por-que-nuevamente-se-disparo-el-precio-de-la-yerba-mate-es-el-producto-que-mas-aumento-en-los-ultimos-13-anos\/","title":{"rendered":"\u00bfPor qu\u00e9 nuevamente se dispar\u00f3 el precio de la yerba mate? es el producto que m\u00e1s aument\u00f3 en los \u00faltimos 13 a\u00f1os"},"content":{"rendered":"\n<p>La falta de lluvias en el nordeste del pa\u00eds, hizo que se perdieran una gran cantidad de hect\u00e1reas de cultivos de yerba mate.<\/p>\n\n\n\n<p> Por esta raz\u00f3n, se espera que la infusi\u00f3n favorita de los argentinos aumente su precio entre un 15% y un 20% por la disminuci\u00f3n de la cantidad de plantaciones.<\/p>\n\n\n\n<p>Un an\u00e1lisis determin\u00f3 que el 39,3% del precio de un kilo en g\u00f3ndola se trata de impuestos, mientras que el productor primario s\u00f3lo es responsable del 22,4%. segun el informe de la Confederaci\u00f3n Argentina de la Mediana Empresa ( CAME).<\/p>\n\n\n\n<p>El precio promedio de un kilo de yerba mate, en enero de 2021 ronda los $340,7, seg\u00fan el informe.<\/p>\n\n\n\n<p>Seg\u00fan los datos brindados por el Instituto Nacional de la Yerba Mate (INYM), en 2021 ingresaron a secaderos 882,09 millones de kilos de hoja verde, mientras que el consumo interno totaliz\u00f3 282,85 millones de kilos. <\/p>\n\n\n\n<p>La yerba mate que se consumir\u00e1 a lo largo del 2022 fue cosechada el a\u00f1o pasado, ya que debe ser estacionada por un lapso de nueve meses como m\u00ednimo.<\/p>\n\n\n\n<p>Mientras tanto, la incertidumbre por lo que ocurrir\u00e1 con la gran cantidad de hect\u00e1reas de cultivos de yerba mate que se perdieron, provocaron el aumento de su precio entre un 15% y un 20%.<\/p>\n<!-- AddThis Advanced Settings generic via filter on the_content --><!-- AddThis Share Buttons generic via filter on the_content -->","protected":false},"excerpt":{"rendered":"<p>La falta de lluvias en el nordeste del pa\u00eds, hizo que se perdieran una gran cantidad [&hellip;]<!-- AddThis Advanced Settings generic via filter on get_the_excerpt --><!-- AddThis Share Buttons generic via filter on get_the_excerpt --><\/p>\n","protected":false},"author":16,"featured_media":36738,"comment_status":"open","ping_status":"open","sticky":false,"template":"","format":"standard","meta":{"_seopress_robots_primary_cat":"none","_seopress_titles_title":"","_seopress_titles_desc":"","_seopress_robots_index":"","_themeisle_gutenberg_block_has_review":false,"footnotes":""},"categories":[2,5,140],"tags":[],"class_list":["post-36736","post","type-post","status-publish","format-standard","has-post-thumbnail","hentry","category-actualidad","category-economia","category-nacionales"],"_links":{"self":[{"href":"https:\/\/www.almargenweb.com.ar\/web\/wp-json\/wp\/v2\/posts\/36736","targetHints":{"allow":["GET"]}}],"collection":[{"href":"https:\/\/www.almargenweb.com.ar\/web\/wp-json\/wp\/v2\/posts"}],"about":[{"href":"https:\/\/www.almargenweb.com.ar\/web\/wp-json\/wp\/v2\/types\/post"}],"author":[{"embeddable":true,"href":"https:\/\/www.almargenweb.com.ar\/web\/wp-json\/wp\/v2\/users\/16"}],"replies":[{"embeddable":true,"href":"https:\/\/www.almargenweb.com.ar\/web\/wp-json\/wp\/v2\/comments?post=36736"}],"version-history":[{"count":1,"href":"https:\/\/www.almargenweb.com.ar\/web\/wp-json\/wp\/v2\/posts\/36736\/revisions"}],"predecessor-version":[{"id":36739,"href":"https:\/\/www.almargenweb.com.ar\/web\/wp-json\/wp\/v2\/posts\/36736\/revisions\/36739"}],"wp:featuredmedia":[{"embeddable":true,"href":"https:\/\/www.almargenweb.com.ar\/web\/wp-json\/wp\/v2\/media\/36738"}],"wp:attachment":[{"href":"https:\/\/www.almargenweb.com.ar\/web\/wp-json\/wp\/v2\/media?parent=36736"}],"wp:term":[{"taxonomy":"category","embeddable":true,"href":"https:\/\/www.almargenweb.com.ar\/web\/wp-json\/wp\/v2\/categories?post=36736"},{"taxonomy":"post_tag","embeddable":true,"href":"https:\/\/www.almargenweb.com.ar\/web\/wp-json\/wp\/v2\/tags?post=36736"}],"curies":[{"name":"wp","href":"https:\/\/api.w.org\/{rel}","templated":true}]}}