{"id":36728,"date":"2022-02-02T12:13:02","date_gmt":"2022-02-02T15:13:02","guid":{"rendered":"http:\/\/www.almargenweb.com.ar\/web\/?p=36728"},"modified":"2022-02-02T12:13:04","modified_gmt":"2022-02-02T15:13:04","slug":"primer-aumento-de-combustible-del-2022-ypf-subio-un-9-en-las-estaciones-de-todo-el-pais","status":"publish","type":"post","link":"https:\/\/www.almargenweb.com.ar\/web\/primer-aumento-de-combustible-del-2022-ypf-subio-un-9-en-las-estaciones-de-todo-el-pais\/","title":{"rendered":"Primer aumento de combustible del 2022: YPF subi\u00f3 un 9% en las estaciones de todo el pa\u00eds"},"content":{"rendered":"\n<p>YPF incrementar\u00e1 sus combustibles desde este mi\u00e9rcoles un 9 por ciento promedio en las estaciones de todo el pa\u00eds, el primero de este a\u00f1o y luego del \u00faltimo aumento en mayo 2021.<\/p>\n\n\n\n<p>La compa\u00f1\u00eda consign\u00f3 que la decisi\u00f3n se tom\u00f3 &#8220;con el fin de sostener su plan de crecimiento para 2022 en un contexto de prudencia financiera y en el marco de la evoluci\u00f3n de los \u00faltimos meses de ciertas variables macro locales e internacionales&#8221;.<\/p>\n\n\n\n<p>En consecuencia, YPF realizar\u00e1 &#8220;a partir del mi\u00e9rcoles 2 de febrero a las 0 un aumento de precios de surtidor del 9% promedio pa\u00eds, luego del \u00faltimo aumento en mayo 2021&#8221; tras lo cual continuar\u00e1n &#8220;monitoreando la evoluci\u00f3n de las variables que inciden en la formaci\u00f3n de precios&#8221;.<\/p>\n\n\n\n<p>Con este aumento de 9% se prev\u00e9 para 2022 &#8220;continuar con un crecimiento significativo del plan de Inversiones superior al 40 % respecto al a\u00f1o anterior, apuntalando principalmente las actividades de producci\u00f3n de petr\u00f3leo y gas natural, afianzando su liderazgo en energ\u00edas renovables y poniendo en marcha importantes reformas en las refiner\u00edas de la compa\u00f1\u00eda&#8221;, se\u00f1al\u00f3 la empresa.<\/p>\n\n\n\n<p>A partir de este nuevo incremento, los valores actuales en los surtidores YPF de la ciudad, son los siguientes:<\/p>\n\n\n\n<p>Nafta s\u00faper a $ 109,00<\/p>\n\n\n\n<p>Nafta Infinia a $ 128,40<\/p>\n\n\n\n<p>Gasoil Ultra a $ 100,20<\/p>\n\n\n\n<p>Infinia Diesel a $ 122,90<\/p>\n<!-- AddThis Advanced Settings generic via filter on the_content --><!-- AddThis Share Buttons generic via filter on the_content -->","protected":false},"excerpt":{"rendered":"<p>YPF incrementar\u00e1 sus combustibles desde este mi\u00e9rcoles un 9 por ciento promedio en las estaciones de [&hellip;]<!-- AddThis Advanced Settings generic via filter on get_the_excerpt --><!-- AddThis Share Buttons generic via filter on get_the_excerpt --><\/p>\n","protected":false},"author":16,"featured_media":36730,"comment_status":"open","ping_status":"open","sticky":false,"template":"","format":"standard","meta":{"_seopress_robots_primary_cat":"none","_seopress_titles_title":"","_seopress_titles_desc":"","_seopress_robots_index":"","_themeisle_gutenberg_block_has_review":false,"footnotes":""},"categories":[2,5,21,140,9],"tags":[],"class_list":["post-36728","post","type-post","status-publish","format-standard","has-post-thumbnail","hentry","category-actualidad","category-economia","category-las-colonias","category-nacionales","category-politica"],"_links":{"self":[{"href":"https:\/\/www.almargenweb.com.ar\/web\/wp-json\/wp\/v2\/posts\/36728","targetHints":{"allow":["GET"]}}],"collection":[{"href":"https:\/\/www.almargenweb.com.ar\/web\/wp-json\/wp\/v2\/posts"}],"about":[{"href":"https:\/\/www.almargenweb.com.ar\/web\/wp-json\/wp\/v2\/types\/post"}],"author":[{"embeddable":true,"href":"https:\/\/www.almargenweb.com.ar\/web\/wp-json\/wp\/v2\/users\/16"}],"replies":[{"embeddable":true,"href":"https:\/\/www.almargenweb.com.ar\/web\/wp-json\/wp\/v2\/comments?post=36728"}],"version-history":[{"count":1,"href":"https:\/\/www.almargenweb.com.ar\/web\/wp-json\/wp\/v2\/posts\/36728\/revisions"}],"predecessor-version":[{"id":36731,"href":"https:\/\/www.almargenweb.com.ar\/web\/wp-json\/wp\/v2\/posts\/36728\/revisions\/36731"}],"wp:featuredmedia":[{"embeddable":true,"href":"https:\/\/www.almargenweb.com.ar\/web\/wp-json\/wp\/v2\/media\/36730"}],"wp:attachment":[{"href":"https:\/\/www.almargenweb.com.ar\/web\/wp-json\/wp\/v2\/media?parent=36728"}],"wp:term":[{"taxonomy":"category","embeddable":true,"href":"https:\/\/www.almargenweb.com.ar\/web\/wp-json\/wp\/v2\/categories?post=36728"},{"taxonomy":"post_tag","embeddable":true,"href":"https:\/\/www.almargenweb.com.ar\/web\/wp-json\/wp\/v2\/tags?post=36728"}],"curies":[{"name":"wp","href":"https:\/\/api.w.org\/{rel}","templated":true}]}}