{"id":36718,"date":"2022-02-01T11:18:41","date_gmt":"2022-02-01T14:18:41","guid":{"rendered":"http:\/\/www.almargenweb.com.ar\/web\/?p=36718"},"modified":"2022-02-01T11:18:42","modified_gmt":"2022-02-01T14:18:42","slug":"plan-demanda-global-cinco-familias-de-grutly-ya-cuentan-con-vivienda-propia","status":"publish","type":"post","link":"https:\/\/www.almargenweb.com.ar\/web\/plan-demanda-global-cinco-familias-de-grutly-ya-cuentan-con-vivienda-propia\/","title":{"rendered":"Plan Demanda Global; cinco familias de Grutly ya cuentan con vivienda propia"},"content":{"rendered":"\n<p>Bajo la gesti\u00f3n comunal de la actual Diputada provincial, Jimena Senn, se inici\u00f3 el plan de viviendas conocido como &#8220;Plan Demanda Global&#8221; que d\u00edas pasados hizo su primer sorteo, entregando cinco viviendas a sus beneficiarios locales.<\/p>\n\n\n\n<p>En la ocasi\u00f3n, participaron de la ceremonia en el SUM \u201cLuis Perassi\u201d; el actual presidente Comunal de Grutly, el Sr. Victor Beltramino, representantes del Ministerio de Infraestructura, Servicios Publicos y H\u00e1bitat, la Diputada Jimena Senn y vecinos inscriptos en el programa.<\/p>\n\n\n\n<figure class=\"wp-block-image size-large\"><img loading=\"lazy\" decoding=\"async\" width=\"1024\" height=\"685\" src=\"https:\/\/www.almargenweb.com.ar\/web\/wp-content\/uploads\/2022\/02\/Screenshot_2022-02-01-11-11-06-247_com.android.chrome-01-1-1024x685.jpeg\" alt=\"\" class=\"wp-image-36721\" srcset=\"https:\/\/www.almargenweb.com.ar\/web\/wp-content\/uploads\/2022\/02\/Screenshot_2022-02-01-11-11-06-247_com.android.chrome-01-1-1024x685.jpeg 1024w, https:\/\/www.almargenweb.com.ar\/web\/wp-content\/uploads\/2022\/02\/Screenshot_2022-02-01-11-11-06-247_com.android.chrome-01-1-300x201.jpeg 300w, https:\/\/www.almargenweb.com.ar\/web\/wp-content\/uploads\/2022\/02\/Screenshot_2022-02-01-11-11-06-247_com.android.chrome-01-1-768x514.jpeg 768w, https:\/\/www.almargenweb.com.ar\/web\/wp-content\/uploads\/2022\/02\/Screenshot_2022-02-01-11-11-06-247_com.android.chrome-01-1.jpeg 1045w\" sizes=\"auto, (max-width: 1024px) 100vw, 1024px\" \/><figcaption>El actual Presidente Comunal de Grutly, el Sr. V\u00edctor Beltramino, junto a la Diputada Provincial Jimena Senn, qui\u00e9n comenz\u00f3 el &#8220;Plan Demanda Global&#8221; durante su gesti\u00f3n comunal, en la vecina localidad.<\/figcaption><\/figure>\n\n\n\n<p>Antes del sorteo de las viviendas, el Presidente comunal, manifesto &#8220;que los datos, los n\u00fameros asignados del sorteo y toda la documentaci\u00f3n presentada, de los ganadores del sorteo, fue requerida y coordinada por el Ministro de Infraestructura, Servicios Publicos y H\u00e1bitat de Santa Fe, y quedan sujetos a revisi\u00f3n&#8221;. <\/p>\n\n\n\n<p><\/p>\n<!-- AddThis Advanced Settings generic via filter on the_content --><!-- AddThis Share Buttons generic via filter on the_content -->","protected":false},"excerpt":{"rendered":"<p>Bajo la gesti\u00f3n comunal de la actual Diputada provincial, Jimena Senn, se inici\u00f3 el plan de [&hellip;]<!-- AddThis Advanced Settings generic via filter on get_the_excerpt --><!-- AddThis Share Buttons generic via filter on get_the_excerpt --><\/p>\n","protected":false},"author":16,"featured_media":36720,"comment_status":"open","ping_status":"open","sticky":false,"template":"","format":"standard","meta":{"_seopress_robots_primary_cat":"none","_seopress_titles_title":"","_seopress_titles_desc":"","_seopress_robots_index":"","_themeisle_gutenberg_block_has_review":false,"footnotes":""},"categories":[2,164,20,21,24,9,29],"tags":[],"class_list":["post-36718","post","type-post","status-publish","format-standard","has-post-thumbnail","hentry","category-actualidad","category-ambiente","category-departamentales","category-las-colonias","category-obras-publicas","category-politica","category-regionales"],"_links":{"self":[{"href":"https:\/\/www.almargenweb.com.ar\/web\/wp-json\/wp\/v2\/posts\/36718","targetHints":{"allow":["GET"]}}],"collection":[{"href":"https:\/\/www.almargenweb.com.ar\/web\/wp-json\/wp\/v2\/posts"}],"about":[{"href":"https:\/\/www.almargenweb.com.ar\/web\/wp-json\/wp\/v2\/types\/post"}],"author":[{"embeddable":true,"href":"https:\/\/www.almargenweb.com.ar\/web\/wp-json\/wp\/v2\/users\/16"}],"replies":[{"embeddable":true,"href":"https:\/\/www.almargenweb.com.ar\/web\/wp-json\/wp\/v2\/comments?post=36718"}],"version-history":[{"count":1,"href":"https:\/\/www.almargenweb.com.ar\/web\/wp-json\/wp\/v2\/posts\/36718\/revisions"}],"predecessor-version":[{"id":36722,"href":"https:\/\/www.almargenweb.com.ar\/web\/wp-json\/wp\/v2\/posts\/36718\/revisions\/36722"}],"wp:featuredmedia":[{"embeddable":true,"href":"https:\/\/www.almargenweb.com.ar\/web\/wp-json\/wp\/v2\/media\/36720"}],"wp:attachment":[{"href":"https:\/\/www.almargenweb.com.ar\/web\/wp-json\/wp\/v2\/media?parent=36718"}],"wp:term":[{"taxonomy":"category","embeddable":true,"href":"https:\/\/www.almargenweb.com.ar\/web\/wp-json\/wp\/v2\/categories?post=36718"},{"taxonomy":"post_tag","embeddable":true,"href":"https:\/\/www.almargenweb.com.ar\/web\/wp-json\/wp\/v2\/tags?post=36718"}],"curies":[{"name":"wp","href":"https:\/\/api.w.org\/{rel}","templated":true}]}}