{"id":36709,"date":"2022-01-31T10:51:27","date_gmt":"2022-01-31T13:51:27","guid":{"rendered":"http:\/\/www.almargenweb.com.ar\/web\/?p=36709"},"modified":"2022-01-31T10:51:29","modified_gmt":"2022-01-31T13:51:29","slug":"desde-el-sector-estiman-cuantiosas-perdidas-por-el-cepo-a-la-carne-vacuna","status":"publish","type":"post","link":"https:\/\/www.almargenweb.com.ar\/web\/desde-el-sector-estiman-cuantiosas-perdidas-por-el-cepo-a-la-carne-vacuna\/","title":{"rendered":"Desde el sector estiman cuantiosas p\u00e9rdidas por el cepo a la carne vacuna"},"content":{"rendered":"\n<p>El cepo exportador a las exportaciones de carne vacuna, que desde mayo de 2021 impuso el Gobierno y fue pasando por diferentes formatos, habr\u00eda causado p\u00e9rdidas por hasta US$ 1.000 millones, seg\u00fan estiman desde el sector.<\/p>\n\n\n\n<p>Desde el Consorcio de Exportadores de Carnes Argentinas ABC estimaron que, sin las limitaciones a los env\u00edos al exterior, la facturaci\u00f3n total del sector \u201cse habr\u00eda expandido entre US$ 300 millones y US$ 700 millones\u201d, sin tomar en consideraci\u00f3n \u201cel factor expansivo que se advierte en la evoluci\u00f3n de nuestros competidores, que lamentablemente fue desaprovechada\u201d.<\/p>\n\n\n\n<p>El tonelaje promedio disminuy\u00f3 entre 15 % y 25 % comparando con la media de los primeros meses del a\u00f1o en curso y de la segunda mitad de 2020, respectivamente.<\/p>\n\n\n\n<p>En tanto, el Consorcio ABC se\u00f1al\u00f3 que durante diciembre del 2021 las exportaciones de cortes vacunos sumaron 46 mil toneladas peso producto, equivalentes a 65 mil toneladas peso res, lo que signific\u00f3 un incremento del 3% respecto a noviembre.<\/p>\n<!-- AddThis Advanced Settings generic via filter on the_content --><!-- AddThis Share Buttons generic via filter on the_content -->","protected":false},"excerpt":{"rendered":"<p>El cepo exportador a las exportaciones de carne vacuna, que desde mayo de 2021 impuso el [&hellip;]<!-- AddThis Advanced Settings generic via filter on get_the_excerpt --><!-- AddThis Share Buttons generic via filter on get_the_excerpt --><\/p>\n","protected":false},"author":16,"featured_media":36711,"comment_status":"open","ping_status":"open","sticky":false,"template":"","format":"standard","meta":{"_seopress_robots_primary_cat":"none","_seopress_titles_title":"","_seopress_titles_desc":"","_seopress_robots_index":"","_themeisle_gutenberg_block_has_review":false,"footnotes":""},"categories":[2,164,5,140,9],"tags":[],"class_list":["post-36709","post","type-post","status-publish","format-standard","has-post-thumbnail","hentry","category-actualidad","category-ambiente","category-economia","category-nacionales","category-politica"],"_links":{"self":[{"href":"https:\/\/www.almargenweb.com.ar\/web\/wp-json\/wp\/v2\/posts\/36709","targetHints":{"allow":["GET"]}}],"collection":[{"href":"https:\/\/www.almargenweb.com.ar\/web\/wp-json\/wp\/v2\/posts"}],"about":[{"href":"https:\/\/www.almargenweb.com.ar\/web\/wp-json\/wp\/v2\/types\/post"}],"author":[{"embeddable":true,"href":"https:\/\/www.almargenweb.com.ar\/web\/wp-json\/wp\/v2\/users\/16"}],"replies":[{"embeddable":true,"href":"https:\/\/www.almargenweb.com.ar\/web\/wp-json\/wp\/v2\/comments?post=36709"}],"version-history":[{"count":1,"href":"https:\/\/www.almargenweb.com.ar\/web\/wp-json\/wp\/v2\/posts\/36709\/revisions"}],"predecessor-version":[{"id":36712,"href":"https:\/\/www.almargenweb.com.ar\/web\/wp-json\/wp\/v2\/posts\/36709\/revisions\/36712"}],"wp:featuredmedia":[{"embeddable":true,"href":"https:\/\/www.almargenweb.com.ar\/web\/wp-json\/wp\/v2\/media\/36711"}],"wp:attachment":[{"href":"https:\/\/www.almargenweb.com.ar\/web\/wp-json\/wp\/v2\/media?parent=36709"}],"wp:term":[{"taxonomy":"category","embeddable":true,"href":"https:\/\/www.almargenweb.com.ar\/web\/wp-json\/wp\/v2\/categories?post=36709"},{"taxonomy":"post_tag","embeddable":true,"href":"https:\/\/www.almargenweb.com.ar\/web\/wp-json\/wp\/v2\/tags?post=36709"}],"curies":[{"name":"wp","href":"https:\/\/api.w.org\/{rel}","templated":true}]}}