{"id":36705,"date":"2022-01-29T10:56:46","date_gmt":"2022-01-29T13:56:46","guid":{"rendered":"http:\/\/www.almargenweb.com.ar\/web\/?p=36705"},"modified":"2022-01-29T10:56:47","modified_gmt":"2022-01-29T13:56:47","slug":"aseguran-que-el-fenomeno-la-nina-seguira-por-lo-menos-hasta-marzo","status":"publish","type":"post","link":"https:\/\/www.almargenweb.com.ar\/web\/aseguran-que-el-fenomeno-la-nina-seguira-por-lo-menos-hasta-marzo\/","title":{"rendered":"Aseguran que el fen\u00f3meno La Ni\u00f1a seguir\u00e1 por lo menos hasta marzo"},"content":{"rendered":"\n<p>La persistencia del fen\u00f3meno La Ni\u00f1a sobre la regi\u00f3n por lo menos hasta marzo condiciona los rendimientos de los principales cultivos agr\u00edcolas y pone en riesgo proyecci\u00f3n de cosechas r\u00e9cords.<\/p>\n\n\n\n<p>Al repunte del enfriamiento del Oc\u00e9ano Pac\u00edfico y sin lluvias a la vista para la primera quincena se sumaron la presencia de un importante centro de alta presi\u00f3n y temperaturas que volver\u00e1n a alcanzar valores extremos.<\/p>\n\n\n\n<p>Por su parte, desde la Bolsa de Cereales pronosticaron para los pr\u00f3ximos d\u00edas &#8220;temperaturas moderadas, seguidas por una ola de calor y precipitaciones escasas en la mayor parte del \u00e1rea agr\u00edcola&#8221;.<\/p>\n\n\n\n<p>Esta situaci\u00f3n podr\u00eda provocar &#8220;una p\u00e9rdida a\u00fan mayor en los rindes potenciales de algunos cultivos&#8221;, como el ma\u00edz temprano, advirti\u00f3 la BCR, que aclar\u00f3 que las lluvias de principios de a\u00f1o &#8220;no fueron suficientes para frenar el da\u00f1o en el cereal&#8221;.<\/p>\n\n\n\n<p>El ma\u00edz temprano sembrado en las provincias de Santa Fe, C\u00f3rdoba, Entre R\u00edos y Buenos Aires est\u00e1 en una situaci\u00f3n muy delicada: en la franja este del pa\u00eds se confirman p\u00e9rdidas de rindes que van del 20 al 40%.<\/p>\n\n\n\n<p>Seg\u00fan las nuevas estimaciones, la producci\u00f3n ser\u00e1 inferior a la del a\u00f1o pasado, cuando los productores brasile\u00f1os cosecharon 137,3 millones de toneladas, consign\u00f3 la agencia Bloomberg.<\/p>\n<!-- AddThis Advanced Settings generic via filter on the_content --><!-- AddThis Share Buttons generic via filter on the_content -->","protected":false},"excerpt":{"rendered":"<p>La persistencia del fen\u00f3meno La Ni\u00f1a sobre la regi\u00f3n por lo menos hasta marzo condiciona los [&hellip;]<!-- AddThis Advanced Settings generic via filter on get_the_excerpt --><!-- AddThis Share Buttons generic via filter on get_the_excerpt --><\/p>\n","protected":false},"author":16,"featured_media":36707,"comment_status":"open","ping_status":"open","sticky":false,"template":"","format":"standard","meta":{"_seopress_robots_primary_cat":"none","_seopress_titles_title":"","_seopress_titles_desc":"","_seopress_robots_index":"","_themeisle_gutenberg_block_has_review":false,"footnotes":""},"categories":[2,164,5,140,29],"tags":[],"class_list":["post-36705","post","type-post","status-publish","format-standard","has-post-thumbnail","hentry","category-actualidad","category-ambiente","category-economia","category-nacionales","category-regionales"],"_links":{"self":[{"href":"https:\/\/www.almargenweb.com.ar\/web\/wp-json\/wp\/v2\/posts\/36705","targetHints":{"allow":["GET"]}}],"collection":[{"href":"https:\/\/www.almargenweb.com.ar\/web\/wp-json\/wp\/v2\/posts"}],"about":[{"href":"https:\/\/www.almargenweb.com.ar\/web\/wp-json\/wp\/v2\/types\/post"}],"author":[{"embeddable":true,"href":"https:\/\/www.almargenweb.com.ar\/web\/wp-json\/wp\/v2\/users\/16"}],"replies":[{"embeddable":true,"href":"https:\/\/www.almargenweb.com.ar\/web\/wp-json\/wp\/v2\/comments?post=36705"}],"version-history":[{"count":1,"href":"https:\/\/www.almargenweb.com.ar\/web\/wp-json\/wp\/v2\/posts\/36705\/revisions"}],"predecessor-version":[{"id":36708,"href":"https:\/\/www.almargenweb.com.ar\/web\/wp-json\/wp\/v2\/posts\/36705\/revisions\/36708"}],"wp:featuredmedia":[{"embeddable":true,"href":"https:\/\/www.almargenweb.com.ar\/web\/wp-json\/wp\/v2\/media\/36707"}],"wp:attachment":[{"href":"https:\/\/www.almargenweb.com.ar\/web\/wp-json\/wp\/v2\/media?parent=36705"}],"wp:term":[{"taxonomy":"category","embeddable":true,"href":"https:\/\/www.almargenweb.com.ar\/web\/wp-json\/wp\/v2\/categories?post=36705"},{"taxonomy":"post_tag","embeddable":true,"href":"https:\/\/www.almargenweb.com.ar\/web\/wp-json\/wp\/v2\/tags?post=36705"}],"curies":[{"name":"wp","href":"https:\/\/api.w.org\/{rel}","templated":true}]}}