{"id":36696,"date":"2022-01-26T12:45:07","date_gmt":"2022-01-26T15:45:07","guid":{"rendered":"http:\/\/www.almargenweb.com.ar\/web\/?p=36696"},"modified":"2022-01-26T12:45:09","modified_gmt":"2022-01-26T15:45:09","slug":"habra-descuentos-en-impuestos-para-los-bares-que-comercialicen-cerveza-artesanal-local","status":"publish","type":"post","link":"https:\/\/www.almargenweb.com.ar\/web\/habra-descuentos-en-impuestos-para-los-bares-que-comercialicen-cerveza-artesanal-local\/","title":{"rendered":"Habr\u00e1 descuentos en impuestos para los bares que comercialicen cerveza artesanal local"},"content":{"rendered":"\n<p>El Concejo Municipal sancion\u00f3 una medida propuesta por Rodrigo M\u00fcller dentro de la ordenanza tributaria para potenciar a la industria cervecera artesanal esperancina.<\/p>\n\n\n\n<p>\u201cTenemos la oportunidad de promover a la industria cervecera artesanal esperancina, potenciando a los emprendimientos con medidas concretas\u201d, dijo M\u00fcller.<\/p>\n\n\n\n<p>A partir de la ordenanza tributaria 2022 los comercios y establecimientos registrados como \u201cServicios de bares y confiter\u00edas\u201d y \u201cServicios de Restaurantes y Cantinas sin Espect\u00e1culo\u201d podr\u00e1n realizar una deducci\u00f3n de hasta el 50% de lo que deba ingresar en concepto del pago del canon del Derecho de Registro e Inspecci\u00f3n, correspondiente al mes respectivo, cuando la actividad dentro de su oferta gastron\u00f3mica se encuentre la de venta al p\u00fablico de cerveza artesanal producida y fabricada en Esperanza.<\/p>\n\n\n\n<p>\u201cEsta medida es parte un r\u00e9gimen de promoci\u00f3n de la producci\u00f3n local de cerveza artesanal m\u00e1s amplio que puede inducir al crecimiento del sector, ampliar su visibilidad para el mercado consumidor local, promoviendo la sustituci\u00f3n del producto industrial cl\u00e1sico por uno de valor agregado y neto producci\u00f3n local, con su consecuente impacto en la econom\u00eda y el empleo\u201d, agreg\u00f3 el concejal radical.<\/p>\n\n\n\n<figure class=\"wp-block-image size-full is-resized\"><img loading=\"lazy\" decoding=\"async\" src=\"https:\/\/www.almargenweb.com.ar\/web\/wp-content\/uploads\/2022\/01\/cerveza-artesanal-e1533562176979.jpg\" alt=\"\" class=\"wp-image-36698\" width=\"840\" height=\"560\" srcset=\"https:\/\/www.almargenweb.com.ar\/web\/wp-content\/uploads\/2022\/01\/cerveza-artesanal-e1533562176979.jpg 640w, https:\/\/www.almargenweb.com.ar\/web\/wp-content\/uploads\/2022\/01\/cerveza-artesanal-e1533562176979-300x200.jpg 300w\" sizes=\"auto, (max-width: 840px) 100vw, 840px\" \/><figcaption>Cerveza artesanal: en su fabricaci\u00f3n no se utilizan aditivos qu\u00edmicos y es elaborada mediante un m\u00e9todo que contempla varias tareas manuales.<\/figcaption><\/figure>\n\n\n\n<p>M\u00fcller manifest\u00f3 que \u201cvemos importante cuidar a dichos emprendedores, quienes se preocupan por mantener la calidad de su producto final, invirtiendo en formaci\u00f3n e infraestructura, y para quienes la cadena de comercializaci\u00f3n es un punto clave para llegar al p\u00fablico objetivo y consolidar el mercado\u201d.<\/p>\n\n\n\n<p>En nuestra ciudad hubo un notable incremento de productores de cerveza artesanal en los \u00faltimos a\u00f1os, siendo un mercado en pleno crecimiento. El concepto de \u201ccerveza artesanal\u201d comprende, b\u00e1sicamente, que en su fabricaci\u00f3n no se utilicen aditivos qu\u00edmicos y que sea elaborada mediante un m\u00e9todo que contempla varias tareas manuales.<\/p>\n<!-- AddThis Advanced Settings generic via filter on the_content --><!-- AddThis Share Buttons generic via filter on the_content -->","protected":false},"excerpt":{"rendered":"<p>El Concejo Municipal sancion\u00f3 una medida propuesta por Rodrigo M\u00fcller dentro de la ordenanza tributaria para [&hellip;]<!-- AddThis Advanced Settings generic via filter on get_the_excerpt --><!-- AddThis Share Buttons generic via filter on get_the_excerpt --><\/p>\n","protected":false},"author":16,"featured_media":36699,"comment_status":"open","ping_status":"open","sticky":false,"template":"","format":"standard","meta":{"_seopress_robots_primary_cat":"none","_seopress_titles_title":"","_seopress_titles_desc":"","_seopress_robots_index":"","_themeisle_gutenberg_block_has_review":false,"footnotes":""},"categories":[2,3,5,21,47],"tags":[],"class_list":["post-36696","post","type-post","status-publish","format-standard","has-post-thumbnail","hentry","category-actualidad","category-cultura","category-economia","category-las-colonias","category-locales"],"_links":{"self":[{"href":"https:\/\/www.almargenweb.com.ar\/web\/wp-json\/wp\/v2\/posts\/36696","targetHints":{"allow":["GET"]}}],"collection":[{"href":"https:\/\/www.almargenweb.com.ar\/web\/wp-json\/wp\/v2\/posts"}],"about":[{"href":"https:\/\/www.almargenweb.com.ar\/web\/wp-json\/wp\/v2\/types\/post"}],"author":[{"embeddable":true,"href":"https:\/\/www.almargenweb.com.ar\/web\/wp-json\/wp\/v2\/users\/16"}],"replies":[{"embeddable":true,"href":"https:\/\/www.almargenweb.com.ar\/web\/wp-json\/wp\/v2\/comments?post=36696"}],"version-history":[{"count":1,"href":"https:\/\/www.almargenweb.com.ar\/web\/wp-json\/wp\/v2\/posts\/36696\/revisions"}],"predecessor-version":[{"id":36700,"href":"https:\/\/www.almargenweb.com.ar\/web\/wp-json\/wp\/v2\/posts\/36696\/revisions\/36700"}],"wp:featuredmedia":[{"embeddable":true,"href":"https:\/\/www.almargenweb.com.ar\/web\/wp-json\/wp\/v2\/media\/36699"}],"wp:attachment":[{"href":"https:\/\/www.almargenweb.com.ar\/web\/wp-json\/wp\/v2\/media?parent=36696"}],"wp:term":[{"taxonomy":"category","embeddable":true,"href":"https:\/\/www.almargenweb.com.ar\/web\/wp-json\/wp\/v2\/categories?post=36696"},{"taxonomy":"post_tag","embeddable":true,"href":"https:\/\/www.almargenweb.com.ar\/web\/wp-json\/wp\/v2\/tags?post=36696"}],"curies":[{"name":"wp","href":"https:\/\/api.w.org\/{rel}","templated":true}]}}