{"id":36672,"date":"2022-01-20T09:45:39","date_gmt":"2022-01-20T12:45:39","guid":{"rendered":"http:\/\/www.almargenweb.com.ar\/web\/?p=36672"},"modified":"2022-01-20T09:45:40","modified_gmt":"2022-01-20T12:45:40","slug":"por-la-sequia-se-disparo-el-precio-del-tomate-cuanto-cuesta-el-kg-en-esperanza","status":"publish","type":"post","link":"https:\/\/www.almargenweb.com.ar\/web\/por-la-sequia-se-disparo-el-precio-del-tomate-cuanto-cuesta-el-kg-en-esperanza\/","title":{"rendered":"Por la sequ\u00eda se dispar\u00f3 el precio del tomate, cu\u00e1nto cuesta el Kg en Esperanza"},"content":{"rendered":"\n<p>La extensa ola de calor y la sequ\u00eda comenzaron a impactar en la producci\u00f3n de papa, las verduras de hoja y algunas frutas, el ejemplo m\u00e1s evidente es el tomate.<\/p>\n\n\n\n<p>A ra\u00edz de la escasez que provoc\u00f3 este duro clima, su precio lleg\u00f3 a duplicarse en lo que va del a\u00f1o. El tomate de primera calidad se consigue a $400 o $420 el kilo aunque en verdulerias del centro, el kg de tomates trepo a los $500.<\/p>\n\n\n\n<p>Mientras que a fines del a\u00f1o pasado el caj\u00f3n costaba $2 mil, en lo que va del a\u00f1o su valor se dispar\u00f3 hasta los $5 mil.<\/p>\n\n\n\n<p>En esta \u00e9poca la demanda aumenta y la oferta disminuye, lo que termina en un incremento de precios. Influyen tambi\u00e9n aspectos menores como falta de mano de obra, ausentan por vacaciones o est\u00e1n aislados por Covid.<\/p>\n\n\n\n<p><\/p>\n<!-- AddThis Advanced Settings generic via filter on the_content --><!-- AddThis Share Buttons generic via filter on the_content -->","protected":false},"excerpt":{"rendered":"<p>La extensa ola de calor y la sequ\u00eda comenzaron a impactar en la producci\u00f3n de papa, [&hellip;]<!-- AddThis Advanced Settings generic via filter on get_the_excerpt --><!-- AddThis Share Buttons generic via filter on get_the_excerpt --><\/p>\n","protected":false},"author":16,"featured_media":36674,"comment_status":"open","ping_status":"open","sticky":false,"template":"","format":"standard","meta":{"_seopress_robots_primary_cat":"none","_seopress_titles_title":"","_seopress_titles_desc":"","_seopress_robots_index":"","_themeisle_gutenberg_block_has_review":false,"footnotes":""},"categories":[2,164,5,21,47],"tags":[],"class_list":["post-36672","post","type-post","status-publish","format-standard","has-post-thumbnail","hentry","category-actualidad","category-ambiente","category-economia","category-las-colonias","category-locales"],"_links":{"self":[{"href":"https:\/\/www.almargenweb.com.ar\/web\/wp-json\/wp\/v2\/posts\/36672","targetHints":{"allow":["GET"]}}],"collection":[{"href":"https:\/\/www.almargenweb.com.ar\/web\/wp-json\/wp\/v2\/posts"}],"about":[{"href":"https:\/\/www.almargenweb.com.ar\/web\/wp-json\/wp\/v2\/types\/post"}],"author":[{"embeddable":true,"href":"https:\/\/www.almargenweb.com.ar\/web\/wp-json\/wp\/v2\/users\/16"}],"replies":[{"embeddable":true,"href":"https:\/\/www.almargenweb.com.ar\/web\/wp-json\/wp\/v2\/comments?post=36672"}],"version-history":[{"count":1,"href":"https:\/\/www.almargenweb.com.ar\/web\/wp-json\/wp\/v2\/posts\/36672\/revisions"}],"predecessor-version":[{"id":36675,"href":"https:\/\/www.almargenweb.com.ar\/web\/wp-json\/wp\/v2\/posts\/36672\/revisions\/36675"}],"wp:featuredmedia":[{"embeddable":true,"href":"https:\/\/www.almargenweb.com.ar\/web\/wp-json\/wp\/v2\/media\/36674"}],"wp:attachment":[{"href":"https:\/\/www.almargenweb.com.ar\/web\/wp-json\/wp\/v2\/media?parent=36672"}],"wp:term":[{"taxonomy":"category","embeddable":true,"href":"https:\/\/www.almargenweb.com.ar\/web\/wp-json\/wp\/v2\/categories?post=36672"},{"taxonomy":"post_tag","embeddable":true,"href":"https:\/\/www.almargenweb.com.ar\/web\/wp-json\/wp\/v2\/tags?post=36672"}],"curies":[{"name":"wp","href":"https:\/\/api.w.org\/{rel}","templated":true}]}}