{"id":36628,"date":"2022-01-14T11:04:20","date_gmt":"2022-01-14T14:04:20","guid":{"rendered":"http:\/\/www.almargenweb.com.ar\/web\/?p=36628"},"modified":"2022-01-14T11:04:21","modified_gmt":"2022-01-14T14:04:21","slug":"san-carlos-sud-las-obras-del-centro-de-salud-ingresan-en-su-etapa-final","status":"publish","type":"post","link":"https:\/\/www.almargenweb.com.ar\/web\/san-carlos-sud-las-obras-del-centro-de-salud-ingresan-en-su-etapa-final\/","title":{"rendered":"San Carlos Sud: las obras del centro de salud ingresan en su etapa final"},"content":{"rendered":"\n<p>La presidenta comunal Florencia Primo manifest\u00f3 que los trabajos de ampliaci\u00f3n del edificio del Centro de Salud \u201cSelma K\u00e4rst\u201d (ubicado al ingreso este del pueblo) ingresaron en su \u00faltima etapa y permitir\u00e1 sumar tres consultorios y un Sal\u00f3n de Usos M\u00faltiples m\u00e1s al edificio existente inaugurado en mayo del 2015.<\/p>\n\n\n\n<p>El nuevo sector se unir\u00e1 al ala existente a trav\u00e9s de un pasillo cerrado.<\/p>\n\n\n\n<p>En este sentido, Primo aclaro que \u201cel pedido de ampliaci\u00f3n del Centro de Salud se inicia en la gesti\u00f3n de Santiago Walker luego de una reuni\u00f3n con la Directora del Samco, Cecilia Rodr\u00edguez. All\u00ed evaluaron la necesidad de ampliar el Samco debido a que hab\u00eda quedado chico ante la demanda de la poblaci\u00f3n y adem\u00e1s exist\u00eda la posibilidad de sumar m\u00e1s servicios.&#8221;<\/p>\n\n\n\n<p>&#8220;Se pens\u00f3 primero en sumar un consultorio m\u00e1s, pero luego se diagram\u00f3 la ampliaci\u00f3n y el proyecto final sum\u00f3 tres consultorios m\u00e1s para las distintas especialidades que hoy tiene el Samco (Odontolog\u00eda; Psicolog\u00eda; Medicina general; Ginecolog\u00eda y Pediatr\u00eda) y un Sal\u00f3n de Usos M\u00faltiples donde se efectuar\u00e1n charlas y capacitaciones al personal\u201d, a\u00f1adi\u00f3 la Jefa Comunal.<\/p>\n\n\n\n<p><\/p>\n<!-- AddThis Advanced Settings generic via filter on the_content --><!-- AddThis Share Buttons generic via filter on the_content -->","protected":false},"excerpt":{"rendered":"<p>La presidenta comunal Florencia Primo manifest\u00f3 que los trabajos de ampliaci\u00f3n del edificio del Centro de [&hellip;]<!-- AddThis Advanced Settings generic via filter on get_the_excerpt --><!-- AddThis Share Buttons generic via filter on get_the_excerpt --><\/p>\n","protected":false},"author":16,"featured_media":36630,"comment_status":"open","ping_status":"open","sticky":false,"template":"","format":"standard","meta":{"_seopress_robots_primary_cat":"none","_seopress_titles_title":"","_seopress_titles_desc":"","_seopress_robots_index":"","_themeisle_gutenberg_block_has_review":false,"footnotes":""},"categories":[2,164,20,24,29,15],"tags":[],"class_list":["post-36628","post","type-post","status-publish","format-standard","has-post-thumbnail","hentry","category-actualidad","category-ambiente","category-departamentales","category-obras-publicas","category-regionales","category-salud"],"_links":{"self":[{"href":"https:\/\/www.almargenweb.com.ar\/web\/wp-json\/wp\/v2\/posts\/36628","targetHints":{"allow":["GET"]}}],"collection":[{"href":"https:\/\/www.almargenweb.com.ar\/web\/wp-json\/wp\/v2\/posts"}],"about":[{"href":"https:\/\/www.almargenweb.com.ar\/web\/wp-json\/wp\/v2\/types\/post"}],"author":[{"embeddable":true,"href":"https:\/\/www.almargenweb.com.ar\/web\/wp-json\/wp\/v2\/users\/16"}],"replies":[{"embeddable":true,"href":"https:\/\/www.almargenweb.com.ar\/web\/wp-json\/wp\/v2\/comments?post=36628"}],"version-history":[{"count":1,"href":"https:\/\/www.almargenweb.com.ar\/web\/wp-json\/wp\/v2\/posts\/36628\/revisions"}],"predecessor-version":[{"id":36631,"href":"https:\/\/www.almargenweb.com.ar\/web\/wp-json\/wp\/v2\/posts\/36628\/revisions\/36631"}],"wp:featuredmedia":[{"embeddable":true,"href":"https:\/\/www.almargenweb.com.ar\/web\/wp-json\/wp\/v2\/media\/36630"}],"wp:attachment":[{"href":"https:\/\/www.almargenweb.com.ar\/web\/wp-json\/wp\/v2\/media?parent=36628"}],"wp:term":[{"taxonomy":"category","embeddable":true,"href":"https:\/\/www.almargenweb.com.ar\/web\/wp-json\/wp\/v2\/categories?post=36628"},{"taxonomy":"post_tag","embeddable":true,"href":"https:\/\/www.almargenweb.com.ar\/web\/wp-json\/wp\/v2\/tags?post=36628"}],"curies":[{"name":"wp","href":"https:\/\/api.w.org\/{rel}","templated":true}]}}