{"id":36622,"date":"2022-01-13T14:52:20","date_gmt":"2022-01-13T17:52:20","guid":{"rendered":"http:\/\/www.almargenweb.com.ar\/web\/?p=36622"},"modified":"2022-01-13T14:52:27","modified_gmt":"2022-01-13T17:52:27","slug":"de-donde-viene-esta-ola-de-calor","status":"publish","type":"post","link":"https:\/\/www.almargenweb.com.ar\/web\/de-donde-viene-esta-ola-de-calor\/","title":{"rendered":"\u00bfDe d\u00f3nde viene esta ola de calor?"},"content":{"rendered":"\n<p>Los registros de nuestro pa\u00eds indican que las altas temperaturas son cada vez m\u00e1s frecuentes e intensas. Seg\u00fan el Servicio Meteorol\u00f3gico Nacional, los 6 a\u00f1os m\u00e1s c\u00e1lidos de nuestra historia se presentaron despu\u00e9s de 2010. \u2063<\/p>\n\n\n\n<p>La situaci\u00f3n despierta alarmas en especialistas del medio ambiente y expertos y expertas en salud sobre los posibles impactos. \u2063<\/p>\n\n\n\n<p>Los investigadores de CIMA (Centro de Invstigaciones del mar y la Atmosfera, perteneciente al Conicet) publicaron un informe con los resultados de un estudio realizado durante los dias con olas de calor extremo del a\u00f1o 2013.<\/p>\n\n\n\n<p>Las condiciones climaticas, producto del calentamiento global, ayudan a la manifestacion de estos fenomenos, creando un medio propenso para su aparicion.<\/p>\n\n\n\n<p>El fen\u00f3meno afecta actualmente a Argentina, Uruguay, Paraguay y el sur de Brasil. En el caso argentino, la ciudad de C\u00f3rdoba el martes se quebr\u00f3 un r\u00e9cord hist\u00f3rico con 42,5 \u00b0C. Es la temperatura m\u00e1s alta registrada en esa ciudad<\/p>\n\n\n\n<p> Segun el Servicio Metereologico Nacional, ma\u00f1ana viernes habr\u00e1 un peque\u00f1o respiro luego del calor de hoy, con m\u00e1ximas que rondar\u00e1n los 32\u00b0C y el sabado el ser\u00eda el \u00faltimo d\u00eda con temperaturas extremas.<\/p>\n\n\n\n<p> Por la madrugada y durante todo el domingo se esperan lluvias y tormentas que traer\u00e1n un alivio en la temperatura.<\/p>\n\n\n\n<p><\/p>\n<!-- AddThis Advanced Settings generic via filter on the_content --><!-- AddThis Share Buttons generic via filter on the_content -->","protected":false},"excerpt":{"rendered":"<p>Los registros de nuestro pa\u00eds indican que las altas temperaturas son cada vez m\u00e1s frecuentes e [&hellip;]<!-- AddThis Advanced Settings generic via filter on get_the_excerpt --><!-- AddThis Share Buttons generic via filter on get_the_excerpt --><\/p>\n","protected":false},"author":16,"featured_media":36624,"comment_status":"open","ping_status":"open","sticky":false,"template":"","format":"standard","meta":{"_seopress_robots_primary_cat":"none","_seopress_titles_title":"","_seopress_titles_desc":"","_seopress_robots_index":"","_themeisle_gutenberg_block_has_review":false,"footnotes":""},"categories":[2,164,19,140,15],"tags":[],"class_list":["post-36622","post","type-post","status-publish","format-standard","has-post-thumbnail","hentry","category-actualidad","category-ambiente","category-educacion","category-nacionales","category-salud"],"_links":{"self":[{"href":"https:\/\/www.almargenweb.com.ar\/web\/wp-json\/wp\/v2\/posts\/36622","targetHints":{"allow":["GET"]}}],"collection":[{"href":"https:\/\/www.almargenweb.com.ar\/web\/wp-json\/wp\/v2\/posts"}],"about":[{"href":"https:\/\/www.almargenweb.com.ar\/web\/wp-json\/wp\/v2\/types\/post"}],"author":[{"embeddable":true,"href":"https:\/\/www.almargenweb.com.ar\/web\/wp-json\/wp\/v2\/users\/16"}],"replies":[{"embeddable":true,"href":"https:\/\/www.almargenweb.com.ar\/web\/wp-json\/wp\/v2\/comments?post=36622"}],"version-history":[{"count":1,"href":"https:\/\/www.almargenweb.com.ar\/web\/wp-json\/wp\/v2\/posts\/36622\/revisions"}],"predecessor-version":[{"id":36625,"href":"https:\/\/www.almargenweb.com.ar\/web\/wp-json\/wp\/v2\/posts\/36622\/revisions\/36625"}],"wp:featuredmedia":[{"embeddable":true,"href":"https:\/\/www.almargenweb.com.ar\/web\/wp-json\/wp\/v2\/media\/36624"}],"wp:attachment":[{"href":"https:\/\/www.almargenweb.com.ar\/web\/wp-json\/wp\/v2\/media?parent=36622"}],"wp:term":[{"taxonomy":"category","embeddable":true,"href":"https:\/\/www.almargenweb.com.ar\/web\/wp-json\/wp\/v2\/categories?post=36622"},{"taxonomy":"post_tag","embeddable":true,"href":"https:\/\/www.almargenweb.com.ar\/web\/wp-json\/wp\/v2\/tags?post=36622"}],"curies":[{"name":"wp","href":"https:\/\/api.w.org\/{rel}","templated":true}]}}