{"id":36617,"date":"2022-01-13T12:39:17","date_gmt":"2022-01-13T15:39:17","guid":{"rendered":"http:\/\/www.almargenweb.com.ar\/web\/?p=36617"},"modified":"2022-01-13T12:39:19","modified_gmt":"2022-01-13T15:39:19","slug":"vacaciones-que-documentos-no-te-pueden-faltar-para-viajar-en-auto","status":"publish","type":"post","link":"https:\/\/www.almargenweb.com.ar\/web\/vacaciones-que-documentos-no-te-pueden-faltar-para-viajar-en-auto\/","title":{"rendered":"Vacaciones: \u00bfqu\u00e9 documentos no te pueden faltar para viajar en auto?"},"content":{"rendered":"\n<p>En plena temporara estival, las rutas argentinas son concecuencia de la salida masiva hacia distintos centros turisticos. Pero para poder hacerlo, primero se debe tener toda la documentaci\u00f3n en orden y el veh\u00edculo en condiciones \u00f3ptimas para realizar el viaje. <\/p>\n\n\n\n<p>Esto incluye tener el seguro al d\u00eda y los documentos necesarios para verificar el estado del autom\u00f3vil, as\u00ed como contar con los elementos de seguridad necesarios.<\/p>\n\n\n\n<figure class=\"wp-block-image size-large\"><img loading=\"lazy\" decoding=\"async\" width=\"1024\" height=\"696\" src=\"https:\/\/www.almargenweb.com.ar\/web\/wp-content\/uploads\/2022\/01\/salis-vacaciones-no-te-olvides-cumplir-esta-documentacion-requisitos-tecnicos-925563-152813-1024x696.jpg\" alt=\"\" class=\"wp-image-36620\" srcset=\"https:\/\/www.almargenweb.com.ar\/web\/wp-content\/uploads\/2022\/01\/salis-vacaciones-no-te-olvides-cumplir-esta-documentacion-requisitos-tecnicos-925563-152813-1024x696.jpg 1024w, https:\/\/www.almargenweb.com.ar\/web\/wp-content\/uploads\/2022\/01\/salis-vacaciones-no-te-olvides-cumplir-esta-documentacion-requisitos-tecnicos-925563-152813-300x204.jpg 300w, https:\/\/www.almargenweb.com.ar\/web\/wp-content\/uploads\/2022\/01\/salis-vacaciones-no-te-olvides-cumplir-esta-documentacion-requisitos-tecnicos-925563-152813-768x522.jpg 768w, https:\/\/www.almargenweb.com.ar\/web\/wp-content\/uploads\/2022\/01\/salis-vacaciones-no-te-olvides-cumplir-esta-documentacion-requisitos-tecnicos-925563-152813.jpg 1200w\" sizes=\"auto, (max-width: 1024px) 100vw, 1024px\" \/><figcaption>La Agencia Nacional de Seguridad Vial, en su pagina oficial, brinda detalles sobre los requisitos necesarios, entre los que se encuentra un matafuegos de 1kg.<\/figcaption><\/figure>\n\n\n\n<p>Seg\u00fan explica el sitio oficial de La Agencia Nacional de Seguridad Vial, es necesario contar con los siguientes documentos para poder salir a la ruta:<\/p>\n\n\n\n<ul class=\"wp-block-list\"><li>DNI.<\/li><li>Licencia Nacional de Conducir.<\/li><li>C\u00e9dula verde o c\u00e9dula azul.<\/li><li>Comprobante de seguro en vigencia.<\/li><li>Comprobante de pago del impuesto a la radicaci\u00f3n del veh\u00edculo.<\/li><li>RTO o VTV en las provincias que sea obligatoria.<\/li><li>Patentes legibles, normalizadas y sin aditamentos.<\/li><\/ul>\n\n\n\n<p>Por otro lado, en caso de viajar con alg\u00fan menor a bordo, el sitio explica: &#8220;En el auto debe haber la misma cantidad de cinturones de seguridad que ocupantes. Si son menores, no olvidemos sujetarlos a la sillita que corresponda seg\u00fan la edad o el peso que tengan.<\/p>\n<!-- AddThis Advanced Settings generic via filter on the_content --><!-- AddThis Share Buttons generic via filter on the_content -->","protected":false},"excerpt":{"rendered":"<p>En plena temporara estival, las rutas argentinas son concecuencia de la salida masiva hacia distintos centros [&hellip;]<!-- AddThis Advanced Settings generic via filter on get_the_excerpt --><!-- AddThis Share Buttons generic via filter on get_the_excerpt --><\/p>\n","protected":false},"author":16,"featured_media":36619,"comment_status":"open","ping_status":"open","sticky":false,"template":"","format":"standard","meta":{"_seopress_robots_primary_cat":"none","_seopress_titles_title":"","_seopress_titles_desc":"","_seopress_robots_index":"","_themeisle_gutenberg_block_has_review":false,"footnotes":""},"categories":[2,164,19,140],"tags":[],"class_list":["post-36617","post","type-post","status-publish","format-standard","has-post-thumbnail","hentry","category-actualidad","category-ambiente","category-educacion","category-nacionales"],"_links":{"self":[{"href":"https:\/\/www.almargenweb.com.ar\/web\/wp-json\/wp\/v2\/posts\/36617","targetHints":{"allow":["GET"]}}],"collection":[{"href":"https:\/\/www.almargenweb.com.ar\/web\/wp-json\/wp\/v2\/posts"}],"about":[{"href":"https:\/\/www.almargenweb.com.ar\/web\/wp-json\/wp\/v2\/types\/post"}],"author":[{"embeddable":true,"href":"https:\/\/www.almargenweb.com.ar\/web\/wp-json\/wp\/v2\/users\/16"}],"replies":[{"embeddable":true,"href":"https:\/\/www.almargenweb.com.ar\/web\/wp-json\/wp\/v2\/comments?post=36617"}],"version-history":[{"count":1,"href":"https:\/\/www.almargenweb.com.ar\/web\/wp-json\/wp\/v2\/posts\/36617\/revisions"}],"predecessor-version":[{"id":36621,"href":"https:\/\/www.almargenweb.com.ar\/web\/wp-json\/wp\/v2\/posts\/36617\/revisions\/36621"}],"wp:featuredmedia":[{"embeddable":true,"href":"https:\/\/www.almargenweb.com.ar\/web\/wp-json\/wp\/v2\/media\/36619"}],"wp:attachment":[{"href":"https:\/\/www.almargenweb.com.ar\/web\/wp-json\/wp\/v2\/media?parent=36617"}],"wp:term":[{"taxonomy":"category","embeddable":true,"href":"https:\/\/www.almargenweb.com.ar\/web\/wp-json\/wp\/v2\/categories?post=36617"},{"taxonomy":"post_tag","embeddable":true,"href":"https:\/\/www.almargenweb.com.ar\/web\/wp-json\/wp\/v2\/tags?post=36617"}],"curies":[{"name":"wp","href":"https:\/\/api.w.org\/{rel}","templated":true}]}}