{"id":36577,"date":"2022-01-03T16:43:38","date_gmt":"2022-01-03T19:43:38","guid":{"rendered":"http:\/\/www.almargenweb.com.ar\/web\/?p=36577"},"modified":"2022-01-03T16:43:39","modified_gmt":"2022-01-03T19:43:39","slug":"el-interbloque-ucr-pide-que-el-presupuesto-2022-sea-fruto-del-dialogo-politico-y-no-de-la-imposicion-del-gobierno","status":"publish","type":"post","link":"https:\/\/www.almargenweb.com.ar\/web\/el-interbloque-ucr-pide-que-el-presupuesto-2022-sea-fruto-del-dialogo-politico-y-no-de-la-imposicion-del-gobierno\/","title":{"rendered":"El interbloque UCR pide que el Presupuesto 2022 sea fruto del &#8220;di\u00e1logo pol\u00edtico y no de la imposici\u00f3n del Gobierno&#8221;"},"content":{"rendered":"\n<p>El interbloque de legisladores provinciales de la UCR manifest\u00f3 la \u201cprofunda preocupaci\u00f3n por la l\u00ednea comunicacional del Gobierno Provincial, expresada a trav\u00e9s de funcionarios de primera l\u00ednea, intentando culpar a la oposici\u00f3n por la falta de sanci\u00f3n de ley de Presupuesto 2022 antes del 1 de enero, con argumentos falaces desconociendo la necesidad de consolidar el di\u00e1logo pol\u00edtico a trav\u00e9s de ambos poderes y los representantes democr\u00e1ticos elegidos por el \u2018pueblo\u00b4 para tal fin, tratando adem\u00e1s de imponer criterios unilaterales y discrecionales que atentan contra los intereses del conjunto de los santafesinos\u201d.<\/p>\n\n\n\n<p>\u201cEn tal sentido, durante los dos \u00faltimos a\u00f1os los gobiernos locales tuvieron que afrontar distintas situaciones cr\u00edticas y muchas veces no recibieron el acompa\u00f1amiento esperado de la provincia, sobre todo en lo que refiere a la distribuci\u00f3n de programas y recursos para afrontar erogaciones extraordinarias por la pandemia que no llegaron para todos por igual\u201d, argumentaron.<\/p>\n\n\n\n<p>\u201cEntendemos que la l\u00ednea de an\u00e1lisis del gobierno provincial no tiene otro objetivo que el de tapar la falta de capacidad para gobernar y gestionar, con improvisaci\u00f3n, con falta de di\u00e1logo con propios y extra\u00f1os, lentitud y discriminaci\u00f3n hacia los municipios y comunas que no se someten a la voluntad e intereses partidarios del P.E. Provincial, cuando en verdad tienen las herramientas necesarias para gobernar reconduciendo el presupuesto anterior\u201d, agregaron los legisladores.<\/p>\n\n\n\n<p>\u201cEs nuestra responsabilidad resguardar a trav\u00e9s de la Ley de Presupuesto para el 2022 al conjunto de los santafesinos y particularmente a los municipios y comunas, para que sean tratados con equidad y dignidad\u201d, afirman desde el interbloque que presiden el diputado Maximiliano Pullaro y el Senador Felipe Michlig.<\/p>\n\n\n\n<p>&#8220;<strong>Tienen las herramientas presupuestarias para gobernar&#8221;<\/strong><\/p>\n\n\n\n<p><br>\u201cPese a que el gobierno intenta victimizarse con falsas argumentaciones, tiene los instrumentos presupuestarios para gestionar sin mayores problemas por m\u00e1s que a\u00fan no cuente con el presupuesto 2022 aprobado\u201d, afirmaron desde el espacio.<\/p>\n\n\n\n<p>Y agregaron: \u201cLa Ley de Administraci\u00f3n Eficiencia y Control N\u00b0 12.510 le asigna al Poder Ejecutivo herramientas de flexibilizaci\u00f3n del presupuesto para adecuarlo a las necesidades que surjan en el devenir del a\u00f1o. Dichas herramientas son aplicables igualmente para los presupuestos reconducidos. Incluso, dichas facultades le permiten incorporar al presupuesto programas u obras que no estaban previstas en el presupuesto\u201d.<\/p>\n\n\n\n<p>Tambi\u00e9n aseveraron que \u201cjustamente la actual gesti\u00f3n de gobierno las ha utilizado en lo que lleva de gesti\u00f3n. Ni el programa insignia \u201cBilletera Santa Fe\u201d ni el subsidio millonario a un club rafaelino estaban contemplados expl\u00edcitamente en el respectivo presupuesto sancionado, pero eso no fue obst\u00e1culo para que se concreten\u201d.<\/p>\n\n\n\n<p>\u201cAdem\u00e1s, la Ley de Presupuesto 2021 \u2013que se reconducir\u00e1 transitoriamente para 2022- establece facultades para el Poder Ejecutivo, adicionales a las que prev\u00e9 la Ley de Administraci\u00f3n Eficiencia y Control. De esta forma queda claro que gestionar transitoriamente con un presupuesto reconducido no implica la paralizaci\u00f3n del Estado, ni que algunas \u00e1reas se queden sin financiamiento, ni que servicios p\u00fablicos dejen de tener los recursos necesarios, ni que las obras en ejecuci\u00f3n deban detenerse, ni que se paralice la adjudicaci\u00f3n de obras nuevas, aunque no hayan estado previstas en la ley de presupuesto 2021\u201d, sumaron en el comunicado.<\/p>\n\n\n\n<p>\u201cLos a\u00f1os 2009 y 2013 son perfectos ejemplos de circunstancias similares a las que ahora el Gobierno Provincial pretende definir como tr\u00e1gicas e in\u00e9ditas. En esos a\u00f1os, los gobiernos del Frente Progresista comenzaron el a\u00f1o sin ley de presupuesto aprobado y recondujeron el presupuesto del a\u00f1o anterior\u201d finaliza el documento de diputados y senadores de la UCR provincial.<\/p>\n<!-- AddThis Advanced Settings generic via filter on the_content --><!-- AddThis Share Buttons generic via filter on the_content -->","protected":false},"excerpt":{"rendered":"<p>El interbloque de legisladores provinciales de la UCR manifest\u00f3 la \u201cprofunda preocupaci\u00f3n por la l\u00ednea comunicacional [&hellip;]<!-- AddThis Advanced Settings generic via filter on get_the_excerpt --><!-- AddThis Share Buttons generic via filter on get_the_excerpt --><\/p>\n","protected":false},"author":16,"featured_media":36579,"comment_status":"open","ping_status":"open","sticky":false,"template":"","format":"standard","meta":{"_seopress_robots_primary_cat":"none","_seopress_titles_title":"","_seopress_titles_desc":"","_seopress_robots_index":"","_themeisle_gutenberg_block_has_review":false,"footnotes":""},"categories":[2,164,21,286,9],"tags":[],"class_list":["post-36577","post","type-post","status-publish","format-standard","has-post-thumbnail","hentry","category-actualidad","category-ambiente","category-las-colonias","category-legislatura","category-politica"],"_links":{"self":[{"href":"https:\/\/www.almargenweb.com.ar\/web\/wp-json\/wp\/v2\/posts\/36577","targetHints":{"allow":["GET"]}}],"collection":[{"href":"https:\/\/www.almargenweb.com.ar\/web\/wp-json\/wp\/v2\/posts"}],"about":[{"href":"https:\/\/www.almargenweb.com.ar\/web\/wp-json\/wp\/v2\/types\/post"}],"author":[{"embeddable":true,"href":"https:\/\/www.almargenweb.com.ar\/web\/wp-json\/wp\/v2\/users\/16"}],"replies":[{"embeddable":true,"href":"https:\/\/www.almargenweb.com.ar\/web\/wp-json\/wp\/v2\/comments?post=36577"}],"version-history":[{"count":1,"href":"https:\/\/www.almargenweb.com.ar\/web\/wp-json\/wp\/v2\/posts\/36577\/revisions"}],"predecessor-version":[{"id":36580,"href":"https:\/\/www.almargenweb.com.ar\/web\/wp-json\/wp\/v2\/posts\/36577\/revisions\/36580"}],"wp:featuredmedia":[{"embeddable":true,"href":"https:\/\/www.almargenweb.com.ar\/web\/wp-json\/wp\/v2\/media\/36579"}],"wp:attachment":[{"href":"https:\/\/www.almargenweb.com.ar\/web\/wp-json\/wp\/v2\/media?parent=36577"}],"wp:term":[{"taxonomy":"category","embeddable":true,"href":"https:\/\/www.almargenweb.com.ar\/web\/wp-json\/wp\/v2\/categories?post=36577"},{"taxonomy":"post_tag","embeddable":true,"href":"https:\/\/www.almargenweb.com.ar\/web\/wp-json\/wp\/v2\/tags?post=36577"}],"curies":[{"name":"wp","href":"https:\/\/api.w.org\/{rel}","templated":true}]}}