{"id":36571,"date":"2022-01-03T16:05:02","date_gmt":"2022-01-03T19:05:02","guid":{"rendered":"http:\/\/www.almargenweb.com.ar\/web\/?p=36571"},"modified":"2022-01-03T16:05:03","modified_gmt":"2022-01-03T19:05:03","slug":"el-gobierno-suspende-la-exportacion-de-7-cortes-muy-consumidos-en-el-mercado-interno","status":"publish","type":"post","link":"https:\/\/www.almargenweb.com.ar\/web\/el-gobierno-suspende-la-exportacion-de-7-cortes-muy-consumidos-en-el-mercado-interno\/","title":{"rendered":"El Gobierno suspende la exportaci\u00f3n de 7 cortes muy consumidos en el mercado interno"},"content":{"rendered":"\n<p>El Gobierno public\u00f3 en el Bolet\u00edn Oficial un paquete de medidas para establecer &#8220;un marco normativo para la comercializaci\u00f3n y exportaci\u00f3n de la ganader\u00eda argentina para los a\u00f1os 2022 y 2023.<\/p>\n\n\n\n<p>De esta manera, el Ejecutivo busca garantizar el abastecimiento del mercado dom\u00e9stico y contrarrestar el aumento de precios en el mostrador.<\/p>\n\n\n\n<p>La Subsecretar\u00eda de Ganader\u00eda del Ministerio de Agricultura, Ganader\u00eda y Pesca detallo en el Bolet\u00edn Oficial una serie de cortes bovinos frescos, enfriados o congelados, que no podran exportarse por dos a\u00f1os;<\/p>\n\n\n\n<p>Asado con o sin hueso<br>Falda<br>Matambre<br>Tapa de asado<br>Nalga<br>Paleta<br>Vac\u00edo<\/p>\n\n\n\n<p>Adem\u00e1s, el Gobierno dispuso que las carnes vacunas destinadas al comercio minorista deben salir de los frigor\u00edficos en unidades de hasta 32 kilogramos, atendiendo a la solicitud de las entidades gremiales del sector.<\/p>\n<!-- AddThis Advanced Settings generic via filter on the_content --><!-- AddThis Share Buttons generic via filter on the_content -->","protected":false},"excerpt":{"rendered":"<p>El Gobierno public\u00f3 en el Bolet\u00edn Oficial un paquete de medidas para establecer &#8220;un marco normativo [&hellip;]<!-- AddThis Advanced Settings generic via filter on get_the_excerpt --><!-- AddThis Share Buttons generic via filter on get_the_excerpt --><\/p>\n","protected":false},"author":16,"featured_media":36573,"comment_status":"open","ping_status":"open","sticky":false,"template":"","format":"standard","meta":{"_seopress_robots_primary_cat":"none","_seopress_titles_title":"","_seopress_titles_desc":"","_seopress_robots_index":"","_themeisle_gutenberg_block_has_review":false,"footnotes":""},"categories":[2,164,5,9],"tags":[],"class_list":["post-36571","post","type-post","status-publish","format-standard","has-post-thumbnail","hentry","category-actualidad","category-ambiente","category-economia","category-politica"],"_links":{"self":[{"href":"https:\/\/www.almargenweb.com.ar\/web\/wp-json\/wp\/v2\/posts\/36571","targetHints":{"allow":["GET"]}}],"collection":[{"href":"https:\/\/www.almargenweb.com.ar\/web\/wp-json\/wp\/v2\/posts"}],"about":[{"href":"https:\/\/www.almargenweb.com.ar\/web\/wp-json\/wp\/v2\/types\/post"}],"author":[{"embeddable":true,"href":"https:\/\/www.almargenweb.com.ar\/web\/wp-json\/wp\/v2\/users\/16"}],"replies":[{"embeddable":true,"href":"https:\/\/www.almargenweb.com.ar\/web\/wp-json\/wp\/v2\/comments?post=36571"}],"version-history":[{"count":1,"href":"https:\/\/www.almargenweb.com.ar\/web\/wp-json\/wp\/v2\/posts\/36571\/revisions"}],"predecessor-version":[{"id":36574,"href":"https:\/\/www.almargenweb.com.ar\/web\/wp-json\/wp\/v2\/posts\/36571\/revisions\/36574"}],"wp:featuredmedia":[{"embeddable":true,"href":"https:\/\/www.almargenweb.com.ar\/web\/wp-json\/wp\/v2\/media\/36573"}],"wp:attachment":[{"href":"https:\/\/www.almargenweb.com.ar\/web\/wp-json\/wp\/v2\/media?parent=36571"}],"wp:term":[{"taxonomy":"category","embeddable":true,"href":"https:\/\/www.almargenweb.com.ar\/web\/wp-json\/wp\/v2\/categories?post=36571"},{"taxonomy":"post_tag","embeddable":true,"href":"https:\/\/www.almargenweb.com.ar\/web\/wp-json\/wp\/v2\/tags?post=36571"}],"curies":[{"name":"wp","href":"https:\/\/api.w.org\/{rel}","templated":true}]}}