{"id":36567,"date":"2022-01-03T10:12:40","date_gmt":"2022-01-03T13:12:40","guid":{"rendered":"http:\/\/www.almargenweb.com.ar\/web\/?p=36567"},"modified":"2022-01-03T10:12:41","modified_gmt":"2022-01-03T13:12:41","slug":"con-algunas-lluvias-y-sin-temperaturas-maximas-extremas-asi-estara-el-tiempo-en-la-primera-semana-del-ano","status":"publish","type":"post","link":"https:\/\/www.almargenweb.com.ar\/web\/con-algunas-lluvias-y-sin-temperaturas-maximas-extremas-asi-estara-el-tiempo-en-la-primera-semana-del-ano\/","title":{"rendered":"Con algunas lluvias y sin temperaturas m\u00e1ximas extremas, as\u00ed estar\u00e1 el tiempo en la primera semana del a\u00f1o"},"content":{"rendered":"\n<p>La primera semana laboral del 2022 arranca con una jornada que se presenta c\u00e1lida y pesada. Seg\u00fan los datos suministrados por el Servicio Meteorol\u00f3gico Nacional, la m\u00e1xima llegar\u00e1 hoy a los 37 grados y por la noche se presentar\u00e1 un frente de inestabilidad.<\/p>\n\n\n\n<p>Para ma\u00f1ana martes, el SMN ya habla de la posibilidad concreta de tormentas aisladas o chaparrones para las primeras horas.<\/p>\n\n\n\n<p>Las precipitaciones podr\u00edan extenderse durante toda la ma\u00f1ana y ser\u00edan sectorizadas.<\/p>\n\n\n\n<p>A partir del mi\u00e9rcoles, seg\u00fan lo anticipado por el Servicio Meteorol\u00f3gico, se espera una seguidilla de d\u00edas con excelentes condiciones de tiempo, un poco m\u00e1s agradables en cuanto al calor ya que desde el mi\u00e9rcoles hasta el s\u00e1bado las m\u00ednimas no superar\u00e1n los 18 grados.<\/p>\n<!-- AddThis Advanced Settings generic via filter on the_content --><!-- AddThis Share Buttons generic via filter on the_content -->","protected":false},"excerpt":{"rendered":"<p>La primera semana laboral del 2022 arranca con una jornada que se presenta c\u00e1lida y pesada. [&hellip;]<!-- AddThis Advanced Settings generic via filter on get_the_excerpt --><!-- AddThis Share Buttons generic via filter on get_the_excerpt --><\/p>\n","protected":false},"author":16,"featured_media":36569,"comment_status":"open","ping_status":"open","sticky":false,"template":"","format":"standard","meta":{"_seopress_robots_primary_cat":"none","_seopress_titles_title":"","_seopress_titles_desc":"","_seopress_robots_index":"","_themeisle_gutenberg_block_has_review":false,"footnotes":""},"categories":[2,164,21],"tags":[],"class_list":["post-36567","post","type-post","status-publish","format-standard","has-post-thumbnail","hentry","category-actualidad","category-ambiente","category-las-colonias"],"_links":{"self":[{"href":"https:\/\/www.almargenweb.com.ar\/web\/wp-json\/wp\/v2\/posts\/36567","targetHints":{"allow":["GET"]}}],"collection":[{"href":"https:\/\/www.almargenweb.com.ar\/web\/wp-json\/wp\/v2\/posts"}],"about":[{"href":"https:\/\/www.almargenweb.com.ar\/web\/wp-json\/wp\/v2\/types\/post"}],"author":[{"embeddable":true,"href":"https:\/\/www.almargenweb.com.ar\/web\/wp-json\/wp\/v2\/users\/16"}],"replies":[{"embeddable":true,"href":"https:\/\/www.almargenweb.com.ar\/web\/wp-json\/wp\/v2\/comments?post=36567"}],"version-history":[{"count":1,"href":"https:\/\/www.almargenweb.com.ar\/web\/wp-json\/wp\/v2\/posts\/36567\/revisions"}],"predecessor-version":[{"id":36570,"href":"https:\/\/www.almargenweb.com.ar\/web\/wp-json\/wp\/v2\/posts\/36567\/revisions\/36570"}],"wp:featuredmedia":[{"embeddable":true,"href":"https:\/\/www.almargenweb.com.ar\/web\/wp-json\/wp\/v2\/media\/36569"}],"wp:attachment":[{"href":"https:\/\/www.almargenweb.com.ar\/web\/wp-json\/wp\/v2\/media?parent=36567"}],"wp:term":[{"taxonomy":"category","embeddable":true,"href":"https:\/\/www.almargenweb.com.ar\/web\/wp-json\/wp\/v2\/categories?post=36567"},{"taxonomy":"post_tag","embeddable":true,"href":"https:\/\/www.almargenweb.com.ar\/web\/wp-json\/wp\/v2\/tags?post=36567"}],"curies":[{"name":"wp","href":"https:\/\/api.w.org\/{rel}","templated":true}]}}