{"id":36555,"date":"2021-12-31T10:32:23","date_gmt":"2021-12-31T13:32:23","guid":{"rendered":"http:\/\/www.almargenweb.com.ar\/web\/?p=36555"},"modified":"2021-12-31T10:32:24","modified_gmt":"2021-12-31T13:32:24","slug":"aumentan-98-por-ciento-las-tarifas-de-internet-telefonia-fija-y-television-por-cable","status":"publish","type":"post","link":"https:\/\/www.almargenweb.com.ar\/web\/aumentan-98-por-ciento-las-tarifas-de-internet-telefonia-fija-y-television-por-cable\/","title":{"rendered":"Aumentan 9,8 por ciento las tarifas de internet, telefon\u00eda fija y televisi\u00f3n por cable"},"content":{"rendered":"\n<p>El Gobierno nacional autoriz\u00f3 un aumento de hasta el 9,8 por ciento en las tarifas de los servicios de internet, telefon\u00eda fija, televisi\u00f3n por cable y satelital, solo para peque\u00f1as y medianas empresas que posean menos de 100 mil clientes.<\/p>\n\n\n\n<p>Segun el texto publicada este jueves, en el Bolet\u00edn Oficial, a partir del 1 de enero de 2022 podr\u00e1n incrementar el valor de todos sus precios minoristas en un porcentaje que no podr\u00e1 ser superior a 9,8%, tomando como referencia sus precios vigentes.<\/p>\n\n\n\n<p>Durante el a\u00f1o pasado, el Gobierno prohibi\u00f3 la suba de los precios de estos servicios y el corte por falta de pago. La medida se tom\u00f3 a ra\u00edz de la pandemia.<\/p>\n<!-- AddThis Advanced Settings generic via filter on the_content --><!-- AddThis Share Buttons generic via filter on the_content -->","protected":false},"excerpt":{"rendered":"<p>El Gobierno nacional autoriz\u00f3 un aumento de hasta el 9,8 por ciento en las tarifas de [&hellip;]<!-- AddThis Advanced Settings generic via filter on get_the_excerpt --><!-- AddThis Share Buttons generic via filter on get_the_excerpt --><\/p>\n","protected":false},"author":16,"featured_media":36557,"comment_status":"open","ping_status":"open","sticky":false,"template":"","format":"standard","meta":{"_seopress_robots_primary_cat":"none","_seopress_titles_title":"","_seopress_titles_desc":"","_seopress_robots_index":"","_themeisle_gutenberg_block_has_review":false,"footnotes":""},"categories":[2,164,5,140],"tags":[],"class_list":["post-36555","post","type-post","status-publish","format-standard","has-post-thumbnail","hentry","category-actualidad","category-ambiente","category-economia","category-nacionales"],"_links":{"self":[{"href":"https:\/\/www.almargenweb.com.ar\/web\/wp-json\/wp\/v2\/posts\/36555","targetHints":{"allow":["GET"]}}],"collection":[{"href":"https:\/\/www.almargenweb.com.ar\/web\/wp-json\/wp\/v2\/posts"}],"about":[{"href":"https:\/\/www.almargenweb.com.ar\/web\/wp-json\/wp\/v2\/types\/post"}],"author":[{"embeddable":true,"href":"https:\/\/www.almargenweb.com.ar\/web\/wp-json\/wp\/v2\/users\/16"}],"replies":[{"embeddable":true,"href":"https:\/\/www.almargenweb.com.ar\/web\/wp-json\/wp\/v2\/comments?post=36555"}],"version-history":[{"count":1,"href":"https:\/\/www.almargenweb.com.ar\/web\/wp-json\/wp\/v2\/posts\/36555\/revisions"}],"predecessor-version":[{"id":36558,"href":"https:\/\/www.almargenweb.com.ar\/web\/wp-json\/wp\/v2\/posts\/36555\/revisions\/36558"}],"wp:featuredmedia":[{"embeddable":true,"href":"https:\/\/www.almargenweb.com.ar\/web\/wp-json\/wp\/v2\/media\/36557"}],"wp:attachment":[{"href":"https:\/\/www.almargenweb.com.ar\/web\/wp-json\/wp\/v2\/media?parent=36555"}],"wp:term":[{"taxonomy":"category","embeddable":true,"href":"https:\/\/www.almargenweb.com.ar\/web\/wp-json\/wp\/v2\/categories?post=36555"},{"taxonomy":"post_tag","embeddable":true,"href":"https:\/\/www.almargenweb.com.ar\/web\/wp-json\/wp\/v2\/tags?post=36555"}],"curies":[{"name":"wp","href":"https:\/\/api.w.org\/{rel}","templated":true}]}}