{"id":36542,"date":"2021-12-29T12:05:33","date_gmt":"2021-12-29T15:05:33","guid":{"rendered":"http:\/\/www.almargenweb.com.ar\/web\/?p=36542"},"modified":"2021-12-29T12:05:35","modified_gmt":"2021-12-29T15:05:35","slug":"incendios-ante-riesgo-extremo-declararon-la-emergencia-ignea-en-toda-la-argentina","status":"publish","type":"post","link":"https:\/\/www.almargenweb.com.ar\/web\/incendios-ante-riesgo-extremo-declararon-la-emergencia-ignea-en-toda-la-argentina\/","title":{"rendered":"Incendios: ante &#8220;riesgo extremo&#8221;, declararon la emergencia \u00edgnea en toda la Argentina"},"content":{"rendered":"\n<p>El Consejo Federal de Medio Ambiente (Cofema) de Argentina y el Ministerio de Ambiente declararon en todo el territorio la emergencia \u00edgnea por un plazo de 12 meses, dado el &#8220;riesgo extremo&#8221; de incendios de bosques y pastizales.<\/p>\n\n\n\n<p>Esto se da mientras siete de los 24 distritos del pa\u00eds se encuentran afectados por las llamas, seg\u00fan el Servicio Nacional de Manejo del Fuego (SNMF): Santa Fe, Neuqu\u00e9n , Chubut, R\u00edo Negro, Misiones, Formosa y San Luis.<\/p>\n\n\n\n<p>Tambi\u00e9n se establecieron l\u00edneas de trabajo con el objeto de afrontar la temporada de fuego trabajando sobre pol\u00edticas de prevenci\u00f3n, tales como reducci\u00f3n de material org\u00e1nico y combustible en el suelo, manejo de forestaciones y de \u00e1reas de plantaciones de ex\u00f3ticas.<\/p>\n<!-- AddThis Advanced Settings generic via filter on the_content --><!-- AddThis Share Buttons generic via filter on the_content -->","protected":false},"excerpt":{"rendered":"<p>El Consejo Federal de Medio Ambiente (Cofema) de Argentina y el Ministerio de Ambiente declararon en [&hellip;]<!-- AddThis Advanced Settings generic via filter on get_the_excerpt --><!-- AddThis Share Buttons generic via filter on get_the_excerpt --><\/p>\n","protected":false},"author":16,"featured_media":36544,"comment_status":"open","ping_status":"open","sticky":false,"template":"","format":"standard","meta":{"_seopress_robots_primary_cat":"none","_seopress_titles_title":"","_seopress_titles_desc":"","_seopress_robots_index":"","_themeisle_gutenberg_block_has_review":false,"footnotes":""},"categories":[2,164,15],"tags":[],"class_list":["post-36542","post","type-post","status-publish","format-standard","has-post-thumbnail","hentry","category-actualidad","category-ambiente","category-salud"],"_links":{"self":[{"href":"https:\/\/www.almargenweb.com.ar\/web\/wp-json\/wp\/v2\/posts\/36542","targetHints":{"allow":["GET"]}}],"collection":[{"href":"https:\/\/www.almargenweb.com.ar\/web\/wp-json\/wp\/v2\/posts"}],"about":[{"href":"https:\/\/www.almargenweb.com.ar\/web\/wp-json\/wp\/v2\/types\/post"}],"author":[{"embeddable":true,"href":"https:\/\/www.almargenweb.com.ar\/web\/wp-json\/wp\/v2\/users\/16"}],"replies":[{"embeddable":true,"href":"https:\/\/www.almargenweb.com.ar\/web\/wp-json\/wp\/v2\/comments?post=36542"}],"version-history":[{"count":1,"href":"https:\/\/www.almargenweb.com.ar\/web\/wp-json\/wp\/v2\/posts\/36542\/revisions"}],"predecessor-version":[{"id":36545,"href":"https:\/\/www.almargenweb.com.ar\/web\/wp-json\/wp\/v2\/posts\/36542\/revisions\/36545"}],"wp:featuredmedia":[{"embeddable":true,"href":"https:\/\/www.almargenweb.com.ar\/web\/wp-json\/wp\/v2\/media\/36544"}],"wp:attachment":[{"href":"https:\/\/www.almargenweb.com.ar\/web\/wp-json\/wp\/v2\/media?parent=36542"}],"wp:term":[{"taxonomy":"category","embeddable":true,"href":"https:\/\/www.almargenweb.com.ar\/web\/wp-json\/wp\/v2\/categories?post=36542"},{"taxonomy":"post_tag","embeddable":true,"href":"https:\/\/www.almargenweb.com.ar\/web\/wp-json\/wp\/v2\/tags?post=36542"}],"curies":[{"name":"wp","href":"https:\/\/api.w.org\/{rel}","templated":true}]}}