{"id":36534,"date":"2021-12-29T09:04:46","date_gmt":"2021-12-29T12:04:46","guid":{"rendered":"http:\/\/www.almargenweb.com.ar\/web\/?p=36534"},"modified":"2021-12-29T09:04:47","modified_gmt":"2021-12-29T12:04:47","slug":"rodrigo-muller-pone-a-disposicion-de-los-vecinos-y-vecinas-su-trabajo-como-concejal-durante-el-2021","status":"publish","type":"post","link":"https:\/\/www.almargenweb.com.ar\/web\/rodrigo-muller-pone-a-disposicion-de-los-vecinos-y-vecinas-su-trabajo-como-concejal-durante-el-2021\/","title":{"rendered":"Rodrigo M\u00fcller, pone a disposici\u00f3n de los vecinos y vecinas su trabajo como Concejal durante el 2021."},"content":{"rendered":"\n<p>El concejal Rodrigo Muller, presentar\u00e1 el informe de su gesti\u00f3n 2021, con los proyectos presentados durante su a\u00f1o de trabajo como un s\u00edmbolo de transparencia. <\/p>\n\n\n\n<p>El balance presenta el trabajo realizado durante estos doce meses, los que fueron aprobados y los que todav\u00eda est\u00e1n en tratamiento y por los cuales &#8220;seguiremos insistiendo el pr\u00f3ximo a\u00f1o&#8221; asegur\u00f3 el edil. <\/p>\n\n\n\n<p><br>Muller invita a leerlo, analizarlo y a dejar sus opiniones, inquietudes y sugerencias, convencido de que a trav\u00e9s del di\u00e1logo y del trabajo en equipo ser\u00e1 la \u00fanica forma de lograr los cambios que todos los esperancinos y esperancinas deseamos y merecemos.<\/p>\n\n\n\n<p><br>Para los que deseen conocer su trabajo y proyectos presentados durante el 2021 (73) y las notas de reclamo y pedidos (215) elevadas pueden descargase o mirar \u00e9l informe completo donde rendimos cuentas en:<br><a href=\"https:\/\/es.scribd.com\/document\/549623187\/Balance-de-Gestion-2020-2021\" data-type=\"URL\" data-id=\"https:\/\/es.scribd.com\/document\/549623187\/Balance-de-Gestion-2020-2021\">https:\/\/es.scribd.com\/document\/549623187\/Balance-de-Gestion-2020-2021<\/a> <\/p>\n<!-- AddThis Advanced Settings generic via filter on the_content --><!-- AddThis Share Buttons generic via filter on the_content -->","protected":false},"excerpt":{"rendered":"<p>El concejal Rodrigo Muller, presentar\u00e1 el informe de su gesti\u00f3n 2021, con los proyectos presentados durante [&hellip;]<!-- AddThis Advanced Settings generic via filter on get_the_excerpt --><!-- AddThis Share Buttons generic via filter on get_the_excerpt --><\/p>\n","protected":false},"author":16,"featured_media":36536,"comment_status":"open","ping_status":"open","sticky":false,"template":"","format":"standard","meta":{"_seopress_robots_primary_cat":"none","_seopress_titles_title":"","_seopress_titles_desc":"","_seopress_robots_index":"","_themeisle_gutenberg_block_has_review":false,"footnotes":""},"categories":[2,164,21,47,9,29],"tags":[],"class_list":["post-36534","post","type-post","status-publish","format-standard","has-post-thumbnail","hentry","category-actualidad","category-ambiente","category-las-colonias","category-locales","category-politica","category-regionales"],"_links":{"self":[{"href":"https:\/\/www.almargenweb.com.ar\/web\/wp-json\/wp\/v2\/posts\/36534","targetHints":{"allow":["GET"]}}],"collection":[{"href":"https:\/\/www.almargenweb.com.ar\/web\/wp-json\/wp\/v2\/posts"}],"about":[{"href":"https:\/\/www.almargenweb.com.ar\/web\/wp-json\/wp\/v2\/types\/post"}],"author":[{"embeddable":true,"href":"https:\/\/www.almargenweb.com.ar\/web\/wp-json\/wp\/v2\/users\/16"}],"replies":[{"embeddable":true,"href":"https:\/\/www.almargenweb.com.ar\/web\/wp-json\/wp\/v2\/comments?post=36534"}],"version-history":[{"count":1,"href":"https:\/\/www.almargenweb.com.ar\/web\/wp-json\/wp\/v2\/posts\/36534\/revisions"}],"predecessor-version":[{"id":36537,"href":"https:\/\/www.almargenweb.com.ar\/web\/wp-json\/wp\/v2\/posts\/36534\/revisions\/36537"}],"wp:featuredmedia":[{"embeddable":true,"href":"https:\/\/www.almargenweb.com.ar\/web\/wp-json\/wp\/v2\/media\/36536"}],"wp:attachment":[{"href":"https:\/\/www.almargenweb.com.ar\/web\/wp-json\/wp\/v2\/media?parent=36534"}],"wp:term":[{"taxonomy":"category","embeddable":true,"href":"https:\/\/www.almargenweb.com.ar\/web\/wp-json\/wp\/v2\/categories?post=36534"},{"taxonomy":"post_tag","embeddable":true,"href":"https:\/\/www.almargenweb.com.ar\/web\/wp-json\/wp\/v2\/tags?post=36534"}],"curies":[{"name":"wp","href":"https:\/\/api.w.org\/{rel}","templated":true}]}}