{"id":36513,"date":"2021-12-24T22:24:05","date_gmt":"2021-12-25T01:24:05","guid":{"rendered":"http:\/\/www.almargenweb.com.ar\/web\/?p=36513"},"modified":"2021-12-24T22:24:06","modified_gmt":"2021-12-25T01:24:06","slug":"por-el-aumento-de-contagios-nacion-no-descarta-volver-a-implementar-el-aforo-en-eventos-masivos","status":"publish","type":"post","link":"https:\/\/www.almargenweb.com.ar\/web\/por-el-aumento-de-contagios-nacion-no-descarta-volver-a-implementar-el-aforo-en-eventos-masivos\/","title":{"rendered":"Por el aumento de contagios, Naci\u00f3n no descarta volver a implementar el aforo en eventos masivos"},"content":{"rendered":"\n<p>Luego de los casi 13.500 contagios de covid-19 que se registraron ayer en la Argentina -la cifra m\u00e1s alta de los \u00faltimos cinco meses- la Ministra de Salud admiti\u00f3 que el Gobierno considera recular con la medida de liberaci\u00f3n del aforo a la asistencia a eventos masivos, que hab\u00eda avalado a mediados del mes pasado.<\/p>\n\n\n\n<p>Ocurre ademas que el porcentaje de positividad de testeos en el pa\u00eds alcanz\u00f3 un 16,62%; lo que implic\u00f3 que por quinto d\u00eda consecutivo se super\u00f3 el umbral m\u00e1ximo del 10% recomendado por la Organizaci\u00f3n Mundial de la Salud (OMS).<\/p>\n\n\n\n<p>Desde el inicio de la pandemia de coronavirus en el pa\u00eds, en marzo del a\u00f1o pasado, la Argentina acumula un total de 5.428.957 casos positivos y de 116.979 fallecimientos a ra\u00edz de la enfermedad.<\/p>\n\n\n\n<p>El 16 noviembre la Naci\u00f3n hab\u00eda ampliado al 100% la capacidad autorizada de personas para asistir a eventos masivos en espacios al aire libre.<\/p>\n<!-- AddThis Advanced Settings generic via filter on the_content --><!-- AddThis Share Buttons generic via filter on the_content -->","protected":false},"excerpt":{"rendered":"<p>Luego de los casi 13.500 contagios de covid-19 que se registraron ayer en la Argentina -la [&hellip;]<!-- AddThis Advanced Settings generic via filter on get_the_excerpt --><!-- AddThis Share Buttons generic via filter on get_the_excerpt --><\/p>\n","protected":false},"author":16,"featured_media":36515,"comment_status":"open","ping_status":"open","sticky":false,"template":"","format":"standard","meta":{"_seopress_robots_primary_cat":"none","_seopress_titles_title":"","_seopress_titles_desc":"","_seopress_robots_index":"","_themeisle_gutenberg_block_has_review":false,"footnotes":""},"categories":[2,164,47,140,9,15],"tags":[],"class_list":["post-36513","post","type-post","status-publish","format-standard","has-post-thumbnail","hentry","category-actualidad","category-ambiente","category-locales","category-nacionales","category-politica","category-salud"],"_links":{"self":[{"href":"https:\/\/www.almargenweb.com.ar\/web\/wp-json\/wp\/v2\/posts\/36513","targetHints":{"allow":["GET"]}}],"collection":[{"href":"https:\/\/www.almargenweb.com.ar\/web\/wp-json\/wp\/v2\/posts"}],"about":[{"href":"https:\/\/www.almargenweb.com.ar\/web\/wp-json\/wp\/v2\/types\/post"}],"author":[{"embeddable":true,"href":"https:\/\/www.almargenweb.com.ar\/web\/wp-json\/wp\/v2\/users\/16"}],"replies":[{"embeddable":true,"href":"https:\/\/www.almargenweb.com.ar\/web\/wp-json\/wp\/v2\/comments?post=36513"}],"version-history":[{"count":1,"href":"https:\/\/www.almargenweb.com.ar\/web\/wp-json\/wp\/v2\/posts\/36513\/revisions"}],"predecessor-version":[{"id":36516,"href":"https:\/\/www.almargenweb.com.ar\/web\/wp-json\/wp\/v2\/posts\/36513\/revisions\/36516"}],"wp:featuredmedia":[{"embeddable":true,"href":"https:\/\/www.almargenweb.com.ar\/web\/wp-json\/wp\/v2\/media\/36515"}],"wp:attachment":[{"href":"https:\/\/www.almargenweb.com.ar\/web\/wp-json\/wp\/v2\/media?parent=36513"}],"wp:term":[{"taxonomy":"category","embeddable":true,"href":"https:\/\/www.almargenweb.com.ar\/web\/wp-json\/wp\/v2\/categories?post=36513"},{"taxonomy":"post_tag","embeddable":true,"href":"https:\/\/www.almargenweb.com.ar\/web\/wp-json\/wp\/v2\/tags?post=36513"}],"curies":[{"name":"wp","href":"https:\/\/api.w.org\/{rel}","templated":true}]}}