{"id":36490,"date":"2021-12-21T08:49:44","date_gmt":"2021-12-21T11:49:44","guid":{"rendered":"http:\/\/www.almargenweb.com.ar\/web\/?p=36490"},"modified":"2021-12-21T08:49:45","modified_gmt":"2021-12-21T11:49:45","slug":"alertan-por-posible-desabastecimiento-en-las-estaciones-de-servicio-para-las-fiestas","status":"publish","type":"post","link":"https:\/\/www.almargenweb.com.ar\/web\/alertan-por-posible-desabastecimiento-en-las-estaciones-de-servicio-para-las-fiestas\/","title":{"rendered":"Alertan por posible desabastecimiento en las estaciones de servicio para las Fiestas"},"content":{"rendered":"\n<p>Lo que era una amenaza latente puede volverse una realidad: la c\u00e1maras del sector denuncian faltantes en distintas ciudades del pa\u00eds.<\/p>\n\n\n\n<p>El congelamiento persistente de los precios de los combustibles, sumado al aumento de los costos estructurales de las estaciones de servicios pone en riesgo el correcto abastecimiento de combustible en las \u00faltimas dos semanas del a\u00f1o.<\/p>\n\n\n\n<p>Advierten que la situaci\u00f3n es tan cr\u00edtica que la escasez de combustible puede golpear en la pr\u00f3ximas semanas Buenos Aires, C\u00f3rdoba, Santa Fe, Mendoza y los principales centros tur\u00edsticos de la Argentina.<\/p>\n\n\n\n<p>Empresarios del sector, explicaron que los productos como los Premium, gasoil y di\u00e9sel tienen que ser importados, por lo que se pagan en d\u00f3lares y se venden en pesos, una ecuaci\u00f3n que tampoco resulta beneficiosa. Ante los elevados costos de importaci\u00f3n, han decidido reducir la compra.<\/p>\n\n\n\n<p>La situaci\u00f3n afecta a los estacioneros, pero tambi\u00e9n pone en riesgo las cadenas log\u00edsticas de las empresas que dependen de las estaciones blancas, tales como el transporte, el sector rural.<\/p>\n<!-- AddThis Advanced Settings generic via filter on the_content --><!-- AddThis Share Buttons generic via filter on the_content -->","protected":false},"excerpt":{"rendered":"<p>Lo que era una amenaza latente puede volverse una realidad: la c\u00e1maras del sector denuncian faltantes [&hellip;]<!-- AddThis Advanced Settings generic via filter on get_the_excerpt --><!-- AddThis Share Buttons generic via filter on get_the_excerpt --><\/p>\n","protected":false},"author":16,"featured_media":36492,"comment_status":"open","ping_status":"open","sticky":false,"template":"","format":"standard","meta":{"_seopress_robots_primary_cat":"none","_seopress_titles_title":"","_seopress_titles_desc":"","_seopress_robots_index":"","_themeisle_gutenberg_block_has_review":false,"footnotes":""},"categories":[2,5,140,9,317],"tags":[],"class_list":["post-36490","post","type-post","status-publish","format-standard","has-post-thumbnail","hentry","category-actualidad","category-economia","category-nacionales","category-politica","category-transporte"],"_links":{"self":[{"href":"https:\/\/www.almargenweb.com.ar\/web\/wp-json\/wp\/v2\/posts\/36490","targetHints":{"allow":["GET"]}}],"collection":[{"href":"https:\/\/www.almargenweb.com.ar\/web\/wp-json\/wp\/v2\/posts"}],"about":[{"href":"https:\/\/www.almargenweb.com.ar\/web\/wp-json\/wp\/v2\/types\/post"}],"author":[{"embeddable":true,"href":"https:\/\/www.almargenweb.com.ar\/web\/wp-json\/wp\/v2\/users\/16"}],"replies":[{"embeddable":true,"href":"https:\/\/www.almargenweb.com.ar\/web\/wp-json\/wp\/v2\/comments?post=36490"}],"version-history":[{"count":1,"href":"https:\/\/www.almargenweb.com.ar\/web\/wp-json\/wp\/v2\/posts\/36490\/revisions"}],"predecessor-version":[{"id":36493,"href":"https:\/\/www.almargenweb.com.ar\/web\/wp-json\/wp\/v2\/posts\/36490\/revisions\/36493"}],"wp:featuredmedia":[{"embeddable":true,"href":"https:\/\/www.almargenweb.com.ar\/web\/wp-json\/wp\/v2\/media\/36492"}],"wp:attachment":[{"href":"https:\/\/www.almargenweb.com.ar\/web\/wp-json\/wp\/v2\/media?parent=36490"}],"wp:term":[{"taxonomy":"category","embeddable":true,"href":"https:\/\/www.almargenweb.com.ar\/web\/wp-json\/wp\/v2\/categories?post=36490"},{"taxonomy":"post_tag","embeddable":true,"href":"https:\/\/www.almargenweb.com.ar\/web\/wp-json\/wp\/v2\/tags?post=36490"}],"curies":[{"name":"wp","href":"https:\/\/api.w.org\/{rel}","templated":true}]}}