{"id":36473,"date":"2021-12-20T10:32:50","date_gmt":"2021-12-20T13:32:50","guid":{"rendered":"http:\/\/www.almargenweb.com.ar\/web\/?p=36473"},"modified":"2021-12-20T11:00:21","modified_gmt":"2021-12-20T14:00:21","slug":"el-tiempo-en-esperanza-comienza-una-semana-muy-calurosa-e-inestable","status":"publish","type":"post","link":"https:\/\/www.almargenweb.com.ar\/web\/el-tiempo-en-esperanza-comienza-una-semana-muy-calurosa-e-inestable\/","title":{"rendered":"El tiempo en Esperanza, comienza una semana muy calurosa e inestable"},"content":{"rendered":"\n<p>Para este arranque de semana laboral, el Servicio Meteorol\u00f3gico Nacional anticipa una tarde, con cielo algo nublado, casi agobiante, con una temperatura m\u00e1xima llegue a los 39 grados con viento leve del sudeste.<\/p>\n\n\n\n<p>Por otra parte, y de acuerdo a lo informado por el Servicio Meteorol\u00f3gico, rige para este lunes un alerta amarillo por tormentas en la zona sudoeste de la provincia de Santa Fe.<\/p>\n\n\n\n<p>Seg\u00fan el organismo nacional, en las primeras horas del d\u00eda martes, se podr\u00edan desencadenarse lluvias aisladas que podr\u00edan darse durante la mayor parte del d\u00eda y ya directamente en forma de tormentas sobre el final de la jornada.<\/p>\n\n\n\n<p>La semana seguir\u00e1 con un jueves en con buen tiempo, pero las lluvias podr\u00edan volver el viernes. Siempre con altas temperaturas que no bajar\u00e1n de los 33 grados.<\/p>\n\n\n\n<p>Todo parece indicar, y de acuerdo a la informaci\u00f3n que surge en esta ma\u00f1ana, para la Nochebuena podr\u00edan darse algunas precipitaciones.<\/p>\n<!-- AddThis Advanced Settings generic via filter on the_content --><!-- AddThis Share Buttons generic via filter on the_content -->","protected":false},"excerpt":{"rendered":"<p>Para este arranque de semana laboral, el Servicio Meteorol\u00f3gico Nacional anticipa una tarde, con cielo algo [&hellip;]<!-- AddThis Advanced Settings generic via filter on get_the_excerpt --><!-- AddThis Share Buttons generic via filter on get_the_excerpt --><\/p>\n","protected":false},"author":16,"featured_media":36479,"comment_status":"open","ping_status":"open","sticky":false,"template":"","format":"standard","meta":{"_seopress_robots_primary_cat":"none","_seopress_titles_title":"","_seopress_titles_desc":"","_seopress_robots_index":"","_themeisle_gutenberg_block_has_review":false,"footnotes":""},"categories":[2,164,21,47,29],"tags":[],"class_list":["post-36473","post","type-post","status-publish","format-standard","has-post-thumbnail","hentry","category-actualidad","category-ambiente","category-las-colonias","category-locales","category-regionales"],"_links":{"self":[{"href":"https:\/\/www.almargenweb.com.ar\/web\/wp-json\/wp\/v2\/posts\/36473","targetHints":{"allow":["GET"]}}],"collection":[{"href":"https:\/\/www.almargenweb.com.ar\/web\/wp-json\/wp\/v2\/posts"}],"about":[{"href":"https:\/\/www.almargenweb.com.ar\/web\/wp-json\/wp\/v2\/types\/post"}],"author":[{"embeddable":true,"href":"https:\/\/www.almargenweb.com.ar\/web\/wp-json\/wp\/v2\/users\/16"}],"replies":[{"embeddable":true,"href":"https:\/\/www.almargenweb.com.ar\/web\/wp-json\/wp\/v2\/comments?post=36473"}],"version-history":[{"count":1,"href":"https:\/\/www.almargenweb.com.ar\/web\/wp-json\/wp\/v2\/posts\/36473\/revisions"}],"predecessor-version":[{"id":36476,"href":"https:\/\/www.almargenweb.com.ar\/web\/wp-json\/wp\/v2\/posts\/36473\/revisions\/36476"}],"wp:featuredmedia":[{"embeddable":true,"href":"https:\/\/www.almargenweb.com.ar\/web\/wp-json\/wp\/v2\/media\/36479"}],"wp:attachment":[{"href":"https:\/\/www.almargenweb.com.ar\/web\/wp-json\/wp\/v2\/media?parent=36473"}],"wp:term":[{"taxonomy":"category","embeddable":true,"href":"https:\/\/www.almargenweb.com.ar\/web\/wp-json\/wp\/v2\/categories?post=36473"},{"taxonomy":"post_tag","embeddable":true,"href":"https:\/\/www.almargenweb.com.ar\/web\/wp-json\/wp\/v2\/tags?post=36473"}],"curies":[{"name":"wp","href":"https:\/\/api.w.org\/{rel}","templated":true}]}}