{"id":36467,"date":"2021-12-17T10:56:47","date_gmt":"2021-12-17T13:56:47","guid":{"rendered":"http:\/\/www.almargenweb.com.ar\/web\/?p=36467"},"modified":"2021-12-17T10:56:48","modified_gmt":"2021-12-17T13:56:48","slug":"chau-a-las-bombas-y-a-los-petardos-solo-se-fabricaran-fuegos-artificiales-de-bajo-impacto","status":"publish","type":"post","link":"https:\/\/www.almargenweb.com.ar\/web\/chau-a-las-bombas-y-a-los-petardos-solo-se-fabricaran-fuegos-artificiales-de-bajo-impacto\/","title":{"rendered":"Chau a las bombas y a los petardos: solo se fabricar\u00e1n fuegos artificiales de bajo impacto"},"content":{"rendered":"\n<p>Sindicalistas y empresarios de la industria de fuegos artificiales acordaron eliminar de su producci\u00f3n la fabricaci\u00f3n de &#8220;bombas y petardos de suelo&#8221;, debido al da\u00f1o que provocan en personas con hipersensibilidad auditiva, pero familiares de ni\u00f1os autistas y asociaciones de defensa de los animales piden que se impida el uso de todo tipo de pirotecnia para las fiestas de Navidad y A\u00f1o Nuevo.<\/p>\n\n\n\n<p>La C\u00e1mara Argentina de Empresas de Fuegos Artificiales (Caefa) lanz\u00f3 por segundo a\u00f1o consecutivo la campa\u00f1a nacional &#8220;Celebremos siempre con fuegos artificiales amigables&#8221;, buscando el uso responsable y de menor impacto.<\/p>\n\n\n\n<p>Bajo esta consigna, durante todo el mes de diciembre los comercios, empresas y las 60.000 personas que trabajan en esta industria dar\u00e1n consejos sobre el uso responsable de los productos y alentar\u00e1n la elecci\u00f3n de aquellos con bajo impacto sonoro o lum\u00ednicos, seg\u00fan especific\u00f3 en declaraciones a T\u00e9lam.<\/p>\n<!-- AddThis Advanced Settings generic via filter on the_content --><!-- AddThis Share Buttons generic via filter on the_content -->","protected":false},"excerpt":{"rendered":"<p>Sindicalistas y empresarios de la industria de fuegos artificiales acordaron eliminar de su producci\u00f3n la fabricaci\u00f3n [&hellip;]<!-- AddThis Advanced Settings generic via filter on get_the_excerpt --><!-- AddThis Share Buttons generic via filter on get_the_excerpt --><\/p>\n","protected":false},"author":16,"featured_media":36471,"comment_status":"open","ping_status":"open","sticky":false,"template":"","format":"standard","meta":{"_seopress_robots_primary_cat":"none","_seopress_titles_title":"","_seopress_titles_desc":"","_seopress_robots_index":"","_themeisle_gutenberg_block_has_review":false,"footnotes":""},"categories":[2,140,9,15],"tags":[],"class_list":["post-36467","post","type-post","status-publish","format-standard","has-post-thumbnail","hentry","category-actualidad","category-nacionales","category-politica","category-salud"],"_links":{"self":[{"href":"https:\/\/www.almargenweb.com.ar\/web\/wp-json\/wp\/v2\/posts\/36467","targetHints":{"allow":["GET"]}}],"collection":[{"href":"https:\/\/www.almargenweb.com.ar\/web\/wp-json\/wp\/v2\/posts"}],"about":[{"href":"https:\/\/www.almargenweb.com.ar\/web\/wp-json\/wp\/v2\/types\/post"}],"author":[{"embeddable":true,"href":"https:\/\/www.almargenweb.com.ar\/web\/wp-json\/wp\/v2\/users\/16"}],"replies":[{"embeddable":true,"href":"https:\/\/www.almargenweb.com.ar\/web\/wp-json\/wp\/v2\/comments?post=36467"}],"version-history":[{"count":1,"href":"https:\/\/www.almargenweb.com.ar\/web\/wp-json\/wp\/v2\/posts\/36467\/revisions"}],"predecessor-version":[{"id":36472,"href":"https:\/\/www.almargenweb.com.ar\/web\/wp-json\/wp\/v2\/posts\/36467\/revisions\/36472"}],"wp:featuredmedia":[{"embeddable":true,"href":"https:\/\/www.almargenweb.com.ar\/web\/wp-json\/wp\/v2\/media\/36471"}],"wp:attachment":[{"href":"https:\/\/www.almargenweb.com.ar\/web\/wp-json\/wp\/v2\/media?parent=36467"}],"wp:term":[{"taxonomy":"category","embeddable":true,"href":"https:\/\/www.almargenweb.com.ar\/web\/wp-json\/wp\/v2\/categories?post=36467"},{"taxonomy":"post_tag","embeddable":true,"href":"https:\/\/www.almargenweb.com.ar\/web\/wp-json\/wp\/v2\/tags?post=36467"}],"curies":[{"name":"wp","href":"https:\/\/api.w.org\/{rel}","templated":true}]}}