{"id":36464,"date":"2021-12-17T10:30:57","date_gmt":"2021-12-17T13:30:57","guid":{"rendered":"http:\/\/www.almargenweb.com.ar\/web\/?p=36464"},"modified":"2021-12-17T10:31:00","modified_gmt":"2021-12-17T13:31:00","slug":"celiacos-en-crisis-la-canasta-basica-cuesta-tres-veces-mas-que-la-comun","status":"publish","type":"post","link":"https:\/\/www.almargenweb.com.ar\/web\/celiacos-en-crisis-la-canasta-basica-cuesta-tres-veces-mas-que-la-comun\/","title":{"rendered":"Cel\u00edacos en crisis: la canasta b\u00e1sica cuesta tres veces m\u00e1s que la com\u00fan"},"content":{"rendered":"\n<p>La inflaci\u00f3n impacta directamente sobre la canasta b\u00e1sica de cada familia, pero \u00bfc\u00f3mo impacta sobre la canasta de una familia que tiene integrantes cel\u00edacos?. <\/p>\n\n\n\n<p>Maurin Papi, de la Asociaci\u00f3n de Celiaqu\u00eda Argentina explic\u00f3 que &#8220;estamos complicados c\u00f3mo todo el mundo, pero un poco m\u00e1s porque los productos para cel\u00edacos son siempre m\u00e1s caros y nosotros salimos perdiendo. Por ejemplo los precios cuidados no contemplan que la mitad de los productos no pueden ser consumidos por cel\u00edacos&#8221; lament\u00f3.<\/p>\n\n\n\n<p>Adem\u00e1s la referente de la asociaci\u00f3n resalt\u00f3 que &#8220;los cel\u00edacos tienen que mantener una dieta estricta, y si no la respetan por ahorrar dinero, ese dinero lo terminan gastando en medicamentos. Si un cel\u00edaco come un producto con gluten pone en riesgo su salud y puede generar enfermedades asociadas&#8221;.<\/p>\n\n\n\n<p>Papi indic\u00f3 que &#8220;las empresas que se molestan en hacer el logo y poner la certificaci\u00f3n de que son aptos para cel\u00edacos, deber\u00edan ser consideradas en la canasta b\u00e1sica porque los cel\u00edacos no podemos elegir entre primeras y segundas marcas. Los cel\u00edacos s\u00f3lo podemos comer productos determinados&#8221; concluy\u00f3.<\/p>\n<!-- AddThis Advanced Settings generic via filter on the_content --><!-- AddThis Share Buttons generic via filter on the_content -->","protected":false},"excerpt":{"rendered":"<p>La inflaci\u00f3n impacta directamente sobre la canasta b\u00e1sica de cada familia, pero \u00bfc\u00f3mo impacta sobre la [&hellip;]<!-- AddThis Advanced Settings generic via filter on get_the_excerpt --><!-- AddThis Share Buttons generic via filter on get_the_excerpt --><\/p>\n","protected":false},"author":16,"featured_media":0,"comment_status":"open","ping_status":"open","sticky":false,"template":"","format":"standard","meta":{"_seopress_robots_primary_cat":"none","_seopress_titles_title":"","_seopress_titles_desc":"","_seopress_robots_index":"","_themeisle_gutenberg_block_has_review":false,"footnotes":""},"categories":[2,164,5,140,15],"tags":[],"class_list":["post-36464","post","type-post","status-publish","format-standard","hentry","category-actualidad","category-ambiente","category-economia","category-nacionales","category-salud"],"_links":{"self":[{"href":"https:\/\/www.almargenweb.com.ar\/web\/wp-json\/wp\/v2\/posts\/36464","targetHints":{"allow":["GET"]}}],"collection":[{"href":"https:\/\/www.almargenweb.com.ar\/web\/wp-json\/wp\/v2\/posts"}],"about":[{"href":"https:\/\/www.almargenweb.com.ar\/web\/wp-json\/wp\/v2\/types\/post"}],"author":[{"embeddable":true,"href":"https:\/\/www.almargenweb.com.ar\/web\/wp-json\/wp\/v2\/users\/16"}],"replies":[{"embeddable":true,"href":"https:\/\/www.almargenweb.com.ar\/web\/wp-json\/wp\/v2\/comments?post=36464"}],"version-history":[{"count":1,"href":"https:\/\/www.almargenweb.com.ar\/web\/wp-json\/wp\/v2\/posts\/36464\/revisions"}],"predecessor-version":[{"id":36466,"href":"https:\/\/www.almargenweb.com.ar\/web\/wp-json\/wp\/v2\/posts\/36464\/revisions\/36466"}],"wp:attachment":[{"href":"https:\/\/www.almargenweb.com.ar\/web\/wp-json\/wp\/v2\/media?parent=36464"}],"wp:term":[{"taxonomy":"category","embeddable":true,"href":"https:\/\/www.almargenweb.com.ar\/web\/wp-json\/wp\/v2\/categories?post=36464"},{"taxonomy":"post_tag","embeddable":true,"href":"https:\/\/www.almargenweb.com.ar\/web\/wp-json\/wp\/v2\/tags?post=36464"}],"curies":[{"name":"wp","href":"https:\/\/api.w.org\/{rel}","templated":true}]}}