{"id":36451,"date":"2021-12-16T09:45:42","date_gmt":"2021-12-16T12:45:42","guid":{"rendered":"http:\/\/www.almargenweb.com.ar\/web\/?p=36451"},"modified":"2021-12-16T09:45:43","modified_gmt":"2021-12-16T12:45:43","slug":"franck-se-inicio-la-obra-de-ensanche-de-la-ruta-provincial-n-6","status":"publish","type":"post","link":"https:\/\/www.almargenweb.com.ar\/web\/franck-se-inicio-la-obra-de-ensanche-de-la-ruta-provincial-n-6\/","title":{"rendered":"Franck: se inici\u00f3 la obra de ensanche de la Ruta Provincial N\u00b0 6"},"content":{"rendered":"\n<p>Tras la aprobaci\u00f3n por parte del Corredor Vial N\u00b0 9, la comuna de Franck comenz\u00f3 con la obra de ensanche de la Ruta Provincial N\u00b0 6, en el ingreso norte a la localidad.<\/p>\n\n\n\n<p>El ensanchamiento abarcar\u00e1 2 metros sobre ambos lados de la calzada y se extender\u00e1 hasta el Cementerio local (intersecci\u00f3n con calle Padre Eladio Giovaninni).<\/p>\n\n\n\n<p> Se construir\u00e1 con hormig\u00f3n y cordones de contenci\u00f3n, siguiendo las especificaciones t\u00e9cnicas seg\u00fan el proyecto elaborado por el \u00e1rea t\u00e9cnica de la comuna.<\/p>\n\n\n\n<p>La obra se complementar\u00e1 con el pedido de radarizaci\u00f3n para mejorar la seguridad vial de los casi 7.000 veh\u00edculos que atraviesan Franck por la Ruta Provincial N\u00b0 6.<\/p>\n\n\n\n<p>Tambi\u00e9n se construir\u00e1n las ochavas que integran las intersecciones con tres calles. Se solicita extrema precauci\u00f3n al circular por la zona de obra,.<\/p>\n<!-- AddThis Advanced Settings generic via filter on the_content --><!-- AddThis Share Buttons generic via filter on the_content -->","protected":false},"excerpt":{"rendered":"<p>Tras la aprobaci\u00f3n por parte del Corredor Vial N\u00b0 9, la comuna de Franck comenz\u00f3 con [&hellip;]<!-- AddThis Advanced Settings generic via filter on get_the_excerpt --><!-- AddThis Share Buttons generic via filter on get_the_excerpt --><\/p>\n","protected":false},"author":16,"featured_media":36453,"comment_status":"open","ping_status":"open","sticky":false,"template":"","format":"standard","meta":{"_seopress_robots_primary_cat":"none","_seopress_titles_title":"","_seopress_titles_desc":"","_seopress_robots_index":"","_themeisle_gutenberg_block_has_review":false,"footnotes":""},"categories":[2,164,20,21,24,29],"tags":[],"class_list":["post-36451","post","type-post","status-publish","format-standard","has-post-thumbnail","hentry","category-actualidad","category-ambiente","category-departamentales","category-las-colonias","category-obras-publicas","category-regionales"],"_links":{"self":[{"href":"https:\/\/www.almargenweb.com.ar\/web\/wp-json\/wp\/v2\/posts\/36451","targetHints":{"allow":["GET"]}}],"collection":[{"href":"https:\/\/www.almargenweb.com.ar\/web\/wp-json\/wp\/v2\/posts"}],"about":[{"href":"https:\/\/www.almargenweb.com.ar\/web\/wp-json\/wp\/v2\/types\/post"}],"author":[{"embeddable":true,"href":"https:\/\/www.almargenweb.com.ar\/web\/wp-json\/wp\/v2\/users\/16"}],"replies":[{"embeddable":true,"href":"https:\/\/www.almargenweb.com.ar\/web\/wp-json\/wp\/v2\/comments?post=36451"}],"version-history":[{"count":1,"href":"https:\/\/www.almargenweb.com.ar\/web\/wp-json\/wp\/v2\/posts\/36451\/revisions"}],"predecessor-version":[{"id":36454,"href":"https:\/\/www.almargenweb.com.ar\/web\/wp-json\/wp\/v2\/posts\/36451\/revisions\/36454"}],"wp:featuredmedia":[{"embeddable":true,"href":"https:\/\/www.almargenweb.com.ar\/web\/wp-json\/wp\/v2\/media\/36453"}],"wp:attachment":[{"href":"https:\/\/www.almargenweb.com.ar\/web\/wp-json\/wp\/v2\/media?parent=36451"}],"wp:term":[{"taxonomy":"category","embeddable":true,"href":"https:\/\/www.almargenweb.com.ar\/web\/wp-json\/wp\/v2\/categories?post=36451"},{"taxonomy":"post_tag","embeddable":true,"href":"https:\/\/www.almargenweb.com.ar\/web\/wp-json\/wp\/v2\/tags?post=36451"}],"curies":[{"name":"wp","href":"https:\/\/api.w.org\/{rel}","templated":true}]}}