{"id":36438,"date":"2021-12-15T09:01:47","date_gmt":"2021-12-15T12:01:47","guid":{"rendered":"http:\/\/www.almargenweb.com.ar\/web\/?p=36438"},"modified":"2021-12-15T09:01:48","modified_gmt":"2021-12-15T12:01:48","slug":"grutly-recibe-la-temporada-estival-con-mejoras-en-el-predio-de-la-pileta-comunal","status":"publish","type":"post","link":"https:\/\/www.almargenweb.com.ar\/web\/grutly-recibe-la-temporada-estival-con-mejoras-en-el-predio-de-la-pileta-comunal\/","title":{"rendered":"Gr\u00fctly recibe la temporada estival con mejoras en el predio de la pileta comunal"},"content":{"rendered":"\n<p>La Temporada de Pileta 2021\/22 esta cerca y como parte del plan integral de mantenimiento de espacios p\u00fablicos y verdes, personal comunal realiz\u00f3 tareas de acondicionamiento y puesta a punto de la cancha de v\u00f3ley, en el predio de la pileta comunal.<\/p>\n\n\n\n<p>Adem\u00e1s, la comuna de esa localidad del departamento las Colonias, informa que se continua  de forma permanentemente, con trabajos de limpieza y desmalezado de plazas, parques y paseos.<\/p>\n\n\n\n<p>De esta forma, se pone en valor cada punto de encuentro para que este verano todos los vecinos de la localidad puedan disfrutarlo.<\/p>\n<!-- AddThis Advanced Settings generic via filter on the_content --><!-- AddThis Share Buttons generic via filter on the_content -->","protected":false},"excerpt":{"rendered":"<p>La Temporada de Pileta 2021\/22 esta cerca y como parte del plan integral de mantenimiento de [&hellip;]<!-- AddThis Advanced Settings generic via filter on get_the_excerpt --><!-- AddThis Share Buttons generic via filter on get_the_excerpt --><\/p>\n","protected":false},"author":16,"featured_media":36440,"comment_status":"open","ping_status":"open","sticky":false,"template":"","format":"standard","meta":{"_seopress_robots_primary_cat":"none","_seopress_titles_title":"","_seopress_titles_desc":"","_seopress_robots_index":"","_themeisle_gutenberg_block_has_review":false,"footnotes":""},"categories":[2,164,20,21,24,29],"tags":[],"class_list":["post-36438","post","type-post","status-publish","format-standard","has-post-thumbnail","hentry","category-actualidad","category-ambiente","category-departamentales","category-las-colonias","category-obras-publicas","category-regionales"],"_links":{"self":[{"href":"https:\/\/www.almargenweb.com.ar\/web\/wp-json\/wp\/v2\/posts\/36438","targetHints":{"allow":["GET"]}}],"collection":[{"href":"https:\/\/www.almargenweb.com.ar\/web\/wp-json\/wp\/v2\/posts"}],"about":[{"href":"https:\/\/www.almargenweb.com.ar\/web\/wp-json\/wp\/v2\/types\/post"}],"author":[{"embeddable":true,"href":"https:\/\/www.almargenweb.com.ar\/web\/wp-json\/wp\/v2\/users\/16"}],"replies":[{"embeddable":true,"href":"https:\/\/www.almargenweb.com.ar\/web\/wp-json\/wp\/v2\/comments?post=36438"}],"version-history":[{"count":1,"href":"https:\/\/www.almargenweb.com.ar\/web\/wp-json\/wp\/v2\/posts\/36438\/revisions"}],"predecessor-version":[{"id":36441,"href":"https:\/\/www.almargenweb.com.ar\/web\/wp-json\/wp\/v2\/posts\/36438\/revisions\/36441"}],"wp:featuredmedia":[{"embeddable":true,"href":"https:\/\/www.almargenweb.com.ar\/web\/wp-json\/wp\/v2\/media\/36440"}],"wp:attachment":[{"href":"https:\/\/www.almargenweb.com.ar\/web\/wp-json\/wp\/v2\/media?parent=36438"}],"wp:term":[{"taxonomy":"category","embeddable":true,"href":"https:\/\/www.almargenweb.com.ar\/web\/wp-json\/wp\/v2\/categories?post=36438"},{"taxonomy":"post_tag","embeddable":true,"href":"https:\/\/www.almargenweb.com.ar\/web\/wp-json\/wp\/v2\/tags?post=36438"}],"curies":[{"name":"wp","href":"https:\/\/api.w.org\/{rel}","templated":true}]}}