{"id":36424,"date":"2021-12-13T14:19:03","date_gmt":"2021-12-13T17:19:03","guid":{"rendered":"http:\/\/www.almargenweb.com.ar\/web\/?p=36424"},"modified":"2021-12-13T14:19:05","modified_gmt":"2021-12-13T17:19:05","slug":"en-el-gran-santa-fe-la-pobreza-llego-a-382-y-la-indigencia-al-59","status":"publish","type":"post","link":"https:\/\/www.almargenweb.com.ar\/web\/en-el-gran-santa-fe-la-pobreza-llego-a-382-y-la-indigencia-al-59\/","title":{"rendered":"En el Gran Santa Fe la pobreza lleg\u00f3 a 38,2% y la indigencia al 5,9%"},"content":{"rendered":"\n<p>Seg\u00fan un informe del Observatorio Social y Econ\u00f3mico Integrar, que analiza la Encuesta Permanente de Hogares (EPH) del Indec.<\/p>\n\n\n\n<p>El estudio local indica que, mientras en el primer trimestre del a\u00f1o la tasa de pobreza era del 47,1%, en el segundo trimestre ese porcentaje creci\u00f3 siete puntos y alcanz\u00f3 el 53,8%.<\/p>\n\n\n\n<p>El an\u00e1lisis de los datos locales arroja que ese 54% de pobres est\u00e1 conformado por 289.509 personas, de las cuales un 51,4% son mujeres y un 48,6% son hombres.<\/p>\n\n\n\n<p>Estos datos denotan la urgencia de la necesidad de pol\u00edticas concretas para revertir esta situaci\u00f3n en la que m\u00e1s del 30% son ni\u00f1os y el 50% de los adultos posee un nivel de educaci\u00f3n nula o b\u00e1sica.<\/p>\n\n\n\n<p>En el documento se concluy\u00f3 que, respecto de las edades, un 31,8% son ni\u00f1os de entre 0 a 14 a\u00f1os, otro 26,7% son j\u00f3venes de entre 15 a 29 a\u00f1os, un 37,7% son adultos de entre 30 a 64 a\u00f1os y el 3,8% son adultos mayores.<\/p>\n\n\n\n<p><\/p>\n<!-- AddThis Advanced Settings generic via filter on the_content --><!-- AddThis Share Buttons generic via filter on the_content -->","protected":false},"excerpt":{"rendered":"<p>Seg\u00fan un informe del Observatorio Social y Econ\u00f3mico Integrar, que analiza la Encuesta Permanente de Hogares [&hellip;]<!-- AddThis Advanced Settings generic via filter on get_the_excerpt --><!-- AddThis Share Buttons generic via filter on get_the_excerpt --><\/p>\n","protected":false},"author":16,"featured_media":36426,"comment_status":"open","ping_status":"open","sticky":false,"template":"","format":"standard","meta":{"_seopress_robots_primary_cat":"none","_seopress_titles_title":"","_seopress_titles_desc":"","_seopress_robots_index":"","_themeisle_gutenberg_block_has_review":false,"footnotes":""},"categories":[2,164,5,140,9],"tags":[],"class_list":["post-36424","post","type-post","status-publish","format-standard","has-post-thumbnail","hentry","category-actualidad","category-ambiente","category-economia","category-nacionales","category-politica"],"_links":{"self":[{"href":"https:\/\/www.almargenweb.com.ar\/web\/wp-json\/wp\/v2\/posts\/36424","targetHints":{"allow":["GET"]}}],"collection":[{"href":"https:\/\/www.almargenweb.com.ar\/web\/wp-json\/wp\/v2\/posts"}],"about":[{"href":"https:\/\/www.almargenweb.com.ar\/web\/wp-json\/wp\/v2\/types\/post"}],"author":[{"embeddable":true,"href":"https:\/\/www.almargenweb.com.ar\/web\/wp-json\/wp\/v2\/users\/16"}],"replies":[{"embeddable":true,"href":"https:\/\/www.almargenweb.com.ar\/web\/wp-json\/wp\/v2\/comments?post=36424"}],"version-history":[{"count":1,"href":"https:\/\/www.almargenweb.com.ar\/web\/wp-json\/wp\/v2\/posts\/36424\/revisions"}],"predecessor-version":[{"id":36427,"href":"https:\/\/www.almargenweb.com.ar\/web\/wp-json\/wp\/v2\/posts\/36424\/revisions\/36427"}],"wp:featuredmedia":[{"embeddable":true,"href":"https:\/\/www.almargenweb.com.ar\/web\/wp-json\/wp\/v2\/media\/36426"}],"wp:attachment":[{"href":"https:\/\/www.almargenweb.com.ar\/web\/wp-json\/wp\/v2\/media?parent=36424"}],"wp:term":[{"taxonomy":"category","embeddable":true,"href":"https:\/\/www.almargenweb.com.ar\/web\/wp-json\/wp\/v2\/categories?post=36424"},{"taxonomy":"post_tag","embeddable":true,"href":"https:\/\/www.almargenweb.com.ar\/web\/wp-json\/wp\/v2\/tags?post=36424"}],"curies":[{"name":"wp","href":"https:\/\/api.w.org\/{rel}","templated":true}]}}