{"id":36420,"date":"2021-12-13T07:39:45","date_gmt":"2021-12-13T10:39:45","guid":{"rendered":"http:\/\/www.almargenweb.com.ar\/web\/?p=36420"},"modified":"2021-12-13T07:39:46","modified_gmt":"2021-12-13T10:39:46","slug":"rodrigo-muller-queremos-seguir-construyendo-desde-el-radicalismo-una-evolucion-para-esperanza","status":"publish","type":"post","link":"https:\/\/www.almargenweb.com.ar\/web\/rodrigo-muller-queremos-seguir-construyendo-desde-el-radicalismo-una-evolucion-para-esperanza\/","title":{"rendered":"Rodrigo M\u00fcller: \u201cQueremos seguir construyendo desde el Radicalismo una evoluci\u00f3n para Esperanza\u201d"},"content":{"rendered":"\n<h2 class=\"wp-block-heading\">Rodrigo M\u00fcller lanz\u00f3 su candidatura a presidente de la Uni\u00f3n C\u00edvica Radical de Esperanza para las elecciones a realizarse en el mes de febrero de 2022.<\/h2>\n\n\n\n<p>Al respecto, el concejal expres\u00f3: \u201cquiero conducir a la UCR priorizando lo colectivo por sobre lo individual, logrando conformar un partido que est\u00e9 en la calle y en contacto permanente con los vecinos y vecinas. Para eso necesitamos liderazgos reales, colectivos, amplios y representativos\u201d.<\/p>\n\n\n\n<p><br>Luego, M\u00fcller a\u00f1adi\u00f3 que \u201cel objetivo es continuar con el camino iniciado en el 2019, donde dimos un vuelco a la forma de representaci\u00f3n que ten\u00eda el radicalismo en la sociedad, a trav\u00e9s de sus representantes en el Concejo. Desde ese lugar intentamos aportar y construir un partido con una actitud proactiva, con el \u00fanico objetivo de contribuir a la ciudad\u201d.<\/p>\n\n\n\n<p><br>\u201cVeo con mucho entusiasmos que est\u00e1 surgiendo un grupo de dirigentes con experiencia en diversos \u00e1mbitos y vocaci\u00f3n de gesti\u00f3n, como el del Equipo Esperanza, y eso me pone optimista con respecto a las posibilidades de la ciudad\u201d, a\u00f1adi\u00f3 el edil.<\/p>\n\n\n\n<p><br>Del mismo modo, invit\u00f3 a rescatar \u201cnuestra rica de historia de gobiernos radicales en Esperanza, como la de Carlos Fascendini, con su impronta de liderazgo y transformaci\u00f3n, y la de Rafael De Pace por su cercan\u00eda con los vecinos, sin dejar de observar las particularidades actuales de la ciudad y los nuevos desaf\u00edos que se nos presentan d\u00eda a d\u00eda\u201d.<\/p>\n\n\n\n<p><br>Sobre el rol de la UCR dentro de Juntos Por el Cambio, M\u00fcller mencion\u00f3 que \u201cdesde el partido trabajamos por una mejor coalici\u00f3n y que el di\u00e1logo se d\u00e9 partido a partido\u201d, luego destac\u00f3 \u201cla buena relaci\u00f3n con todas las fuerzas que lo integran\u201d y consider\u00f3 que \u201clos mecanismos para institucionalizar la coalici\u00f3n como un interbloque pueden ser el \u00e1mbito para mejorar las discusiones\u201d.<\/p>\n\n\n\n<p><br>\u201cNosotros sostenemos que el camino es ampliar la coalici\u00f3n y para esta etapa hay que inspirarse en el coraje del Ra\u00fal Alfons\u00edn y Arturo Illia&#8221;, reafirm\u00f3 el concejal y luego expres\u00f3 que \u201cun mejor radicalismo hace un mejor Juntos Por el Cambio\u201d.<\/p>\n\n\n\n<p><br>Por \u00faltimo, M\u00fcller anunci\u00f3 que va \u201ca comenzar una ronda de conversaci\u00f3n con los dem\u00e1s sectores de la Uni\u00f3n C\u00edvica Radical para impulsar la conformaci\u00f3n de una mesa plural, priorizando el activismo de sus componentes\u201d.<\/p>\n<!-- AddThis Advanced Settings generic via filter on the_content --><!-- AddThis Share Buttons generic via filter on the_content -->","protected":false},"excerpt":{"rendered":"<p>Rodrigo M\u00fcller lanz\u00f3 su candidatura a presidente de la Uni\u00f3n C\u00edvica Radical de Esperanza para las [&hellip;]<!-- AddThis Advanced Settings generic via filter on get_the_excerpt --><!-- AddThis Share Buttons generic via filter on get_the_excerpt --><\/p>\n","protected":false},"author":16,"featured_media":36422,"comment_status":"open","ping_status":"open","sticky":false,"template":"","format":"standard","meta":{"_seopress_robots_primary_cat":"none","_seopress_titles_title":"","_seopress_titles_desc":"","_seopress_robots_index":"","_themeisle_gutenberg_block_has_review":false,"footnotes":""},"categories":[2,164,21,47,9],"tags":[],"class_list":["post-36420","post","type-post","status-publish","format-standard","has-post-thumbnail","hentry","category-actualidad","category-ambiente","category-las-colonias","category-locales","category-politica"],"_links":{"self":[{"href":"https:\/\/www.almargenweb.com.ar\/web\/wp-json\/wp\/v2\/posts\/36420","targetHints":{"allow":["GET"]}}],"collection":[{"href":"https:\/\/www.almargenweb.com.ar\/web\/wp-json\/wp\/v2\/posts"}],"about":[{"href":"https:\/\/www.almargenweb.com.ar\/web\/wp-json\/wp\/v2\/types\/post"}],"author":[{"embeddable":true,"href":"https:\/\/www.almargenweb.com.ar\/web\/wp-json\/wp\/v2\/users\/16"}],"replies":[{"embeddable":true,"href":"https:\/\/www.almargenweb.com.ar\/web\/wp-json\/wp\/v2\/comments?post=36420"}],"version-history":[{"count":1,"href":"https:\/\/www.almargenweb.com.ar\/web\/wp-json\/wp\/v2\/posts\/36420\/revisions"}],"predecessor-version":[{"id":36423,"href":"https:\/\/www.almargenweb.com.ar\/web\/wp-json\/wp\/v2\/posts\/36420\/revisions\/36423"}],"wp:featuredmedia":[{"embeddable":true,"href":"https:\/\/www.almargenweb.com.ar\/web\/wp-json\/wp\/v2\/media\/36422"}],"wp:attachment":[{"href":"https:\/\/www.almargenweb.com.ar\/web\/wp-json\/wp\/v2\/media?parent=36420"}],"wp:term":[{"taxonomy":"category","embeddable":true,"href":"https:\/\/www.almargenweb.com.ar\/web\/wp-json\/wp\/v2\/categories?post=36420"},{"taxonomy":"post_tag","embeddable":true,"href":"https:\/\/www.almargenweb.com.ar\/web\/wp-json\/wp\/v2\/tags?post=36420"}],"curies":[{"name":"wp","href":"https:\/\/api.w.org\/{rel}","templated":true}]}}