{"id":36410,"date":"2021-12-09T17:39:13","date_gmt":"2021-12-09T20:39:13","guid":{"rendered":"http:\/\/www.almargenweb.com.ar\/web\/?p=36410"},"modified":"2021-12-09T17:39:14","modified_gmt":"2021-12-09T20:39:14","slug":"ela-que-es-la-esclerosis-lateral-amiotrofica-la-enfermedad-que-padece-el-5-de-la-poblacion-mundial","status":"publish","type":"post","link":"https:\/\/www.almargenweb.com.ar\/web\/ela-que-es-la-esclerosis-lateral-amiotrofica-la-enfermedad-que-padece-el-5-de-la-poblacion-mundial\/","title":{"rendered":"ELA: qu\u00e9 es la esclerosis lateral amiotr\u00f3fica, la enfermedad que padece el 5% de la poblaci\u00f3n mundial"},"content":{"rendered":"\n<p>La esclerosis lateral amiotr\u00f3fica (ELA) es una patolog\u00eda degenerativa, que afecta las fibras nerviosas responsables de los movimientos y produce un debilitamiento y finalmente atrofia de los m\u00fasculos.<\/p>\n\n\n\n<p>Con un deterioro progresivo y permanente, esta enfermedad afecta principalmente las fibras nerviosas que intervienen en el control de los movimientos voluntarios ubicadas en la m\u00e9dula espinal.<\/p>\n\n\n\n<p>El paciente con ELA pierde movilidad en sus miembros y tambi\u00e9n sufre el debilitamiento de los m\u00fasculos necesarios para la respiraci\u00f3n. A pesar de este deterioro su lucidez se mantiene inalterable.<\/p>\n\n\n\n<figure class=\"wp-block-image size-full\"><img loading=\"lazy\" decoding=\"async\" width=\"800\" height=\"669\" src=\"https:\/\/www.almargenweb.com.ar\/web\/wp-content\/uploads\/2021\/12\/Paseando-a-Francois-Cluzet.jpg\" alt=\"\" class=\"wp-image-36412\" srcset=\"https:\/\/www.almargenweb.com.ar\/web\/wp-content\/uploads\/2021\/12\/Paseando-a-Francois-Cluzet.jpg 800w, https:\/\/www.almargenweb.com.ar\/web\/wp-content\/uploads\/2021\/12\/Paseando-a-Francois-Cluzet-300x251.jpg 300w, https:\/\/www.almargenweb.com.ar\/web\/wp-content\/uploads\/2021\/12\/Paseando-a-Francois-Cluzet-768x642.jpg 768w\" sizes=\"auto, (max-width: 800px) 100vw, 800px\" \/><figcaption>&#8220;Amigos Intocables&#8221; La pel\u00edcula francesa de 2011, muestra el costado social de esta enfermedad.<\/figcaption><\/figure>\n\n\n\n<p>En la Uni\u00f3n Europea la ELA fue incluida en el listado de enfermedades raras y poco frecuentes. En nuestro pais, Aunque la edad promedio de los pacientes oscila entre 40 y 70 a\u00f1os, tambi\u00e9n suele detectarse en personas m\u00e1s j\u00f3venes.<\/p>\n\n\n\n<p>La sobrevida de los pacientes con ELA,  depende de la variante y de ciertas particularidades del enfermo. En algunos casos no supera los tres a\u00f1os, pero en otros, como el de Stephen Hawking, puede extenderse por d\u00e9cadas.<\/p>\n\n\n\n<p><br>La esclerosis lateral amiotr\u00f3fica, no afecta las funciones cognitivas, la persona se mantiene consciente hasta el final de su vida.<\/p>\n<!-- AddThis Advanced Settings generic via filter on the_content --><!-- AddThis Share Buttons generic via filter on the_content -->","protected":false},"excerpt":{"rendered":"<p>La esclerosis lateral amiotr\u00f3fica (ELA) es una patolog\u00eda degenerativa, que afecta las fibras nerviosas responsables de [&hellip;]<!-- AddThis Advanced Settings generic via filter on get_the_excerpt --><!-- AddThis Share Buttons generic via filter on get_the_excerpt --><\/p>\n","protected":false},"author":16,"featured_media":36413,"comment_status":"open","ping_status":"open","sticky":false,"template":"","format":"standard","meta":{"_seopress_robots_primary_cat":"none","_seopress_titles_title":"","_seopress_titles_desc":"","_seopress_robots_index":"","_themeisle_gutenberg_block_has_review":false,"footnotes":""},"categories":[2,164,19,15],"tags":[],"class_list":["post-36410","post","type-post","status-publish","format-standard","has-post-thumbnail","hentry","category-actualidad","category-ambiente","category-educacion","category-salud"],"_links":{"self":[{"href":"https:\/\/www.almargenweb.com.ar\/web\/wp-json\/wp\/v2\/posts\/36410","targetHints":{"allow":["GET"]}}],"collection":[{"href":"https:\/\/www.almargenweb.com.ar\/web\/wp-json\/wp\/v2\/posts"}],"about":[{"href":"https:\/\/www.almargenweb.com.ar\/web\/wp-json\/wp\/v2\/types\/post"}],"author":[{"embeddable":true,"href":"https:\/\/www.almargenweb.com.ar\/web\/wp-json\/wp\/v2\/users\/16"}],"replies":[{"embeddable":true,"href":"https:\/\/www.almargenweb.com.ar\/web\/wp-json\/wp\/v2\/comments?post=36410"}],"version-history":[{"count":1,"href":"https:\/\/www.almargenweb.com.ar\/web\/wp-json\/wp\/v2\/posts\/36410\/revisions"}],"predecessor-version":[{"id":36414,"href":"https:\/\/www.almargenweb.com.ar\/web\/wp-json\/wp\/v2\/posts\/36410\/revisions\/36414"}],"wp:featuredmedia":[{"embeddable":true,"href":"https:\/\/www.almargenweb.com.ar\/web\/wp-json\/wp\/v2\/media\/36413"}],"wp:attachment":[{"href":"https:\/\/www.almargenweb.com.ar\/web\/wp-json\/wp\/v2\/media?parent=36410"}],"wp:term":[{"taxonomy":"category","embeddable":true,"href":"https:\/\/www.almargenweb.com.ar\/web\/wp-json\/wp\/v2\/categories?post=36410"},{"taxonomy":"post_tag","embeddable":true,"href":"https:\/\/www.almargenweb.com.ar\/web\/wp-json\/wp\/v2\/tags?post=36410"}],"curies":[{"name":"wp","href":"https:\/\/api.w.org\/{rel}","templated":true}]}}