{"id":36405,"date":"2021-12-09T12:38:52","date_gmt":"2021-12-09T15:38:52","guid":{"rendered":"http:\/\/www.almargenweb.com.ar\/web\/?p=36405"},"modified":"2021-12-09T12:38:53","modified_gmt":"2021-12-09T15:38:53","slug":"desarrollo-canadiense-la-vacuna-vegetal-contra-el-coronavirus-demostro-un-71-de-eficacia-para-casos-leves","status":"publish","type":"post","link":"https:\/\/www.almargenweb.com.ar\/web\/desarrollo-canadiense-la-vacuna-vegetal-contra-el-coronavirus-demostro-un-71-de-eficacia-para-casos-leves\/","title":{"rendered":"Desarrollo canadiense; la &#8220;vacuna vegetal&#8221; contra el coronavirus demostr\u00f3 un 71% de eficacia para casos leves"},"content":{"rendered":"\n<p>Desarrollada por cientificos canadienses, se la conoce como &#8220;vacuna vegetal&#8221; pero en realidad se trata de part\u00edculas similares al virus (VLP) que se produce adentro de una planta (N. benthamiana).<\/p>\n\n\n\n<p>En esta primera etapa, se determino una eficacia del 71 por ciento en la prevenci\u00f3n de covid-19 leve y sintom\u00e1tico y de un 100 por ciento en hospitalizaciones y muertes.<\/p>\n\n\n\n<p>La efectividad de la vacuna vegetal, se evalu\u00f3 al notificarse 160 casos de covid-19. Lo que hizo el Comit\u00e9 de Seguridad al llegar a ese n\u00famero fue ver de estos participantes con covid qui\u00e9nes estaban vacunados y qui\u00e9nes no y a partir de ah\u00ed obtienen la eficacia.<\/p>\n\n\n\n<figure class=\"wp-block-image size-full is-resized\"><img loading=\"lazy\" decoding=\"async\" src=\"https:\/\/www.almargenweb.com.ar\/web\/wp-content\/uploads\/2021\/12\/vacc_rsch.jpg\" alt=\"\" class=\"wp-image-36408\" width=\"840\" height=\"478\" srcset=\"https:\/\/www.almargenweb.com.ar\/web\/wp-content\/uploads\/2021\/12\/vacc_rsch.jpg 996w, https:\/\/www.almargenweb.com.ar\/web\/wp-content\/uploads\/2021\/12\/vacc_rsch-300x171.jpg 300w, https:\/\/www.almargenweb.com.ar\/web\/wp-content\/uploads\/2021\/12\/vacc_rsch-768x437.jpg 768w\" sizes=\"auto, (max-width: 840px) 100vw, 840px\" \/><figcaption>Este inoculante a\u00fan no est\u00e1 aprobado por ninguna autoridad reguladora, por lo que se buscar\u00e1 la aprobaci\u00f3n regulatoria de Health Canad\u00e1.<\/figcaption><\/figure>\n\n\n\n<p>Los resultados obtenidos son excelentes, si se tiene en cuenta que la vacuna se eval\u00faa en un contexto de predominancia mundial, de la variante Omicron, a diferencia de las otras que se analizaron con variantes que eran menos transmisibles, por lo que los resultados no son comparables.<\/p>\n\n\n\n<p>En relaci\u00f3n a la seguridad, la vacuna provoc\u00f3 pocos efectos adversos sin eventos graves, sin registros de fiebre. Seg\u00fan el informe medico, lo m\u00e1s prevalente fue el dolor en el lugar de la aplicaci\u00f3n.<\/p>\n\n\n\n<p><\/p>\n\n\n\n<p><\/p>\n\n\n\n<p><\/p>\n<!-- AddThis Advanced Settings generic via filter on the_content --><!-- AddThis Share Buttons generic via filter on the_content -->","protected":false},"excerpt":{"rendered":"<p>Desarrollada por cientificos canadienses, se la conoce como &#8220;vacuna vegetal&#8221; pero en realidad se trata de [&hellip;]<!-- AddThis Advanced Settings generic via filter on get_the_excerpt --><!-- AddThis Share Buttons generic via filter on get_the_excerpt --><\/p>\n","protected":false},"author":16,"featured_media":36407,"comment_status":"open","ping_status":"open","sticky":false,"template":"","format":"standard","meta":{"_seopress_robots_primary_cat":"none","_seopress_titles_title":"","_seopress_titles_desc":"","_seopress_robots_index":"","_themeisle_gutenberg_block_has_review":false,"footnotes":""},"categories":[2,164,15],"tags":[],"class_list":["post-36405","post","type-post","status-publish","format-standard","has-post-thumbnail","hentry","category-actualidad","category-ambiente","category-salud"],"_links":{"self":[{"href":"https:\/\/www.almargenweb.com.ar\/web\/wp-json\/wp\/v2\/posts\/36405","targetHints":{"allow":["GET"]}}],"collection":[{"href":"https:\/\/www.almargenweb.com.ar\/web\/wp-json\/wp\/v2\/posts"}],"about":[{"href":"https:\/\/www.almargenweb.com.ar\/web\/wp-json\/wp\/v2\/types\/post"}],"author":[{"embeddable":true,"href":"https:\/\/www.almargenweb.com.ar\/web\/wp-json\/wp\/v2\/users\/16"}],"replies":[{"embeddable":true,"href":"https:\/\/www.almargenweb.com.ar\/web\/wp-json\/wp\/v2\/comments?post=36405"}],"version-history":[{"count":1,"href":"https:\/\/www.almargenweb.com.ar\/web\/wp-json\/wp\/v2\/posts\/36405\/revisions"}],"predecessor-version":[{"id":36409,"href":"https:\/\/www.almargenweb.com.ar\/web\/wp-json\/wp\/v2\/posts\/36405\/revisions\/36409"}],"wp:featuredmedia":[{"embeddable":true,"href":"https:\/\/www.almargenweb.com.ar\/web\/wp-json\/wp\/v2\/media\/36407"}],"wp:attachment":[{"href":"https:\/\/www.almargenweb.com.ar\/web\/wp-json\/wp\/v2\/media?parent=36405"}],"wp:term":[{"taxonomy":"category","embeddable":true,"href":"https:\/\/www.almargenweb.com.ar\/web\/wp-json\/wp\/v2\/categories?post=36405"},{"taxonomy":"post_tag","embeddable":true,"href":"https:\/\/www.almargenweb.com.ar\/web\/wp-json\/wp\/v2\/tags?post=36405"}],"curies":[{"name":"wp","href":"https:\/\/api.w.org\/{rel}","templated":true}]}}