{"id":36397,"date":"2021-12-08T10:15:29","date_gmt":"2021-12-08T13:15:29","guid":{"rendered":"http:\/\/www.almargenweb.com.ar\/web\/?p=36397"},"modified":"2021-12-08T10:15:30","modified_gmt":"2021-12-08T13:15:30","slug":"con-casi-cuatro-mil-casos-de-dengue-durante-el-ano-preven-un-aumento-en-2022","status":"publish","type":"post","link":"https:\/\/www.almargenweb.com.ar\/web\/con-casi-cuatro-mil-casos-de-dengue-durante-el-ano-preven-un-aumento-en-2022\/","title":{"rendered":"Con casi cuatro mil casos de dengue durante el a\u00f1o, prev\u00e9n un aumento en 2022"},"content":{"rendered":"\n<p>Seg\u00fan informaron autoridades del Ministerio de Salud de la Naci\u00f3n, casi 4.000 casos de dengue fueron confirmados en laboratorio entre enero y octubre de este a\u00f1o, pero se prev\u00e9 un aumento de notificaciones en los pr\u00f3ximos meses debido a una suba de casos registrados en Brasil.<\/p>\n\n\n\n<p>Hasta la semana 42 de este a\u00f1o, se confirmaron por laboratorio 3.972 casos de dengue, lo que significa una tendencia a la baja si se consideran los 58.435 casos confirmados a lo largo de 2020, r\u00e9cord hist\u00f3rico de contagios del vector.<\/p>\n\n\n\n<p>Seg\u00fan la Direcci\u00f3n Nacional de control de enfermedades transmisibles, indican que para la nueva temporada 2021-2022 podr\u00eda haber m\u00e1s casos, &#8220;debido a que hubo un aumento de notificaciones en Brasil en relaci\u00f3n al a\u00f1o pasado&#8221;.<\/p>\n\n\n\n<p>Los datos hist\u00f3ricos informados por el \u00e1rea muestran los picos de casos que se dan en ciclos de tres a seis a\u00f1os aproximadamente, donde luego del r\u00e9cord de casos del a\u00f1o pasado, el 2019 solo hab\u00eda registrado 2.794 casos de dengue confirmados por laboratorio mientras que en el 2018 no superaba los 2.100.<\/p>\n\n\n\n<p>Durante 2001 y 2005 no se registraron casos en la Argentina, a\u00f1os cercanos a cuando el vector comenz\u00f3 a aparecer en los registros de nuestro pa\u00eds, con 330 infecciones confirmadas en 1998.<\/p>\n<!-- AddThis Advanced Settings generic via filter on the_content --><!-- AddThis Share Buttons generic via filter on the_content -->","protected":false},"excerpt":{"rendered":"<p>Seg\u00fan informaron autoridades del Ministerio de Salud de la Naci\u00f3n, casi 4.000 casos de dengue fueron [&hellip;]<!-- AddThis Advanced Settings generic via filter on get_the_excerpt --><!-- AddThis Share Buttons generic via filter on get_the_excerpt --><\/p>\n","protected":false},"author":16,"featured_media":36399,"comment_status":"open","ping_status":"open","sticky":false,"template":"","format":"standard","meta":{"_seopress_robots_primary_cat":"none","_seopress_titles_title":"","_seopress_titles_desc":"","_seopress_robots_index":"","_themeisle_gutenberg_block_has_review":false,"footnotes":""},"categories":[2,164,29,15],"tags":[],"class_list":["post-36397","post","type-post","status-publish","format-standard","has-post-thumbnail","hentry","category-actualidad","category-ambiente","category-regionales","category-salud"],"_links":{"self":[{"href":"https:\/\/www.almargenweb.com.ar\/web\/wp-json\/wp\/v2\/posts\/36397","targetHints":{"allow":["GET"]}}],"collection":[{"href":"https:\/\/www.almargenweb.com.ar\/web\/wp-json\/wp\/v2\/posts"}],"about":[{"href":"https:\/\/www.almargenweb.com.ar\/web\/wp-json\/wp\/v2\/types\/post"}],"author":[{"embeddable":true,"href":"https:\/\/www.almargenweb.com.ar\/web\/wp-json\/wp\/v2\/users\/16"}],"replies":[{"embeddable":true,"href":"https:\/\/www.almargenweb.com.ar\/web\/wp-json\/wp\/v2\/comments?post=36397"}],"version-history":[{"count":1,"href":"https:\/\/www.almargenweb.com.ar\/web\/wp-json\/wp\/v2\/posts\/36397\/revisions"}],"predecessor-version":[{"id":36400,"href":"https:\/\/www.almargenweb.com.ar\/web\/wp-json\/wp\/v2\/posts\/36397\/revisions\/36400"}],"wp:featuredmedia":[{"embeddable":true,"href":"https:\/\/www.almargenweb.com.ar\/web\/wp-json\/wp\/v2\/media\/36399"}],"wp:attachment":[{"href":"https:\/\/www.almargenweb.com.ar\/web\/wp-json\/wp\/v2\/media?parent=36397"}],"wp:term":[{"taxonomy":"category","embeddable":true,"href":"https:\/\/www.almargenweb.com.ar\/web\/wp-json\/wp\/v2\/categories?post=36397"},{"taxonomy":"post_tag","embeddable":true,"href":"https:\/\/www.almargenweb.com.ar\/web\/wp-json\/wp\/v2\/tags?post=36397"}],"curies":[{"name":"wp","href":"https:\/\/api.w.org\/{rel}","templated":true}]}}