{"id":36393,"date":"2021-12-08T09:33:17","date_gmt":"2021-12-08T12:33:17","guid":{"rendered":"http:\/\/www.almargenweb.com.ar\/web\/?p=36393"},"modified":"2021-12-08T09:33:18","modified_gmt":"2021-12-08T12:33:18","slug":"feriado-con-mucho-sol-y-con-una-maxima-que-llegaria-a-los-33-grados","status":"publish","type":"post","link":"https:\/\/www.almargenweb.com.ar\/web\/feriado-con-mucho-sol-y-con-una-maxima-que-llegaria-a-los-33-grados\/","title":{"rendered":"Feriado con mucho sol y con una m\u00e1xima que llegar\u00eda a los 33 grados"},"content":{"rendered":"\n<p>Este mi\u00e9rcoles 8 de diciembre, feriado nacional en conmemoraci\u00f3n de la Inmaculada Concepci\u00f3n de Mar\u00eda, se presenta con buenas condiciones de tiempo. Aunque seg\u00fan los pron\u00f3sticos, se espera la llegada un frente de inestabilidad a partir de ma\u00f1ana jueves a la noche.<\/p>\n\n\n\n<p>Para la ciudad de Esperanza, el Servicio Meteorol\u00f3gico Nacional anuncia cielo parcialmente nublado y ascenso de temperatura, con una m\u00e1xima que se ubicar\u00e1 en los 33 grados.<\/p>\n\n\n\n<p>Para ma\u00f1ana jueves, en tanto, el organismo nacional advierte sobre la llegada un frente de inestabilidad para la parte final del d\u00eda.<\/p>\n\n\n\n<p> Mientras tanto, la jornada se presentar\u00eda con cielo mayormente cubierto de nubes y con una temperatura m\u00ednima de 18 grados. Por la tarde, el calor se har\u00e1 sentir un poco con 32 de m\u00e1ximas<\/p>\n<!-- AddThis Advanced Settings generic via filter on the_content --><!-- AddThis Share Buttons generic via filter on the_content -->","protected":false},"excerpt":{"rendered":"<p>Este mi\u00e9rcoles 8 de diciembre, feriado nacional en conmemoraci\u00f3n de la Inmaculada Concepci\u00f3n de Mar\u00eda, se [&hellip;]<!-- AddThis Advanced Settings generic via filter on get_the_excerpt --><!-- AddThis Share Buttons generic via filter on get_the_excerpt --><\/p>\n","protected":false},"author":16,"featured_media":36395,"comment_status":"open","ping_status":"open","sticky":false,"template":"","format":"standard","meta":{"_seopress_robots_primary_cat":"none","_seopress_titles_title":"","_seopress_titles_desc":"","_seopress_robots_index":"","_themeisle_gutenberg_block_has_review":false,"footnotes":""},"categories":[2,164,47],"tags":[],"class_list":["post-36393","post","type-post","status-publish","format-standard","has-post-thumbnail","hentry","category-actualidad","category-ambiente","category-locales"],"_links":{"self":[{"href":"https:\/\/www.almargenweb.com.ar\/web\/wp-json\/wp\/v2\/posts\/36393","targetHints":{"allow":["GET"]}}],"collection":[{"href":"https:\/\/www.almargenweb.com.ar\/web\/wp-json\/wp\/v2\/posts"}],"about":[{"href":"https:\/\/www.almargenweb.com.ar\/web\/wp-json\/wp\/v2\/types\/post"}],"author":[{"embeddable":true,"href":"https:\/\/www.almargenweb.com.ar\/web\/wp-json\/wp\/v2\/users\/16"}],"replies":[{"embeddable":true,"href":"https:\/\/www.almargenweb.com.ar\/web\/wp-json\/wp\/v2\/comments?post=36393"}],"version-history":[{"count":1,"href":"https:\/\/www.almargenweb.com.ar\/web\/wp-json\/wp\/v2\/posts\/36393\/revisions"}],"predecessor-version":[{"id":36396,"href":"https:\/\/www.almargenweb.com.ar\/web\/wp-json\/wp\/v2\/posts\/36393\/revisions\/36396"}],"wp:featuredmedia":[{"embeddable":true,"href":"https:\/\/www.almargenweb.com.ar\/web\/wp-json\/wp\/v2\/media\/36395"}],"wp:attachment":[{"href":"https:\/\/www.almargenweb.com.ar\/web\/wp-json\/wp\/v2\/media?parent=36393"}],"wp:term":[{"taxonomy":"category","embeddable":true,"href":"https:\/\/www.almargenweb.com.ar\/web\/wp-json\/wp\/v2\/categories?post=36393"},{"taxonomy":"post_tag","embeddable":true,"href":"https:\/\/www.almargenweb.com.ar\/web\/wp-json\/wp\/v2\/tags?post=36393"}],"curies":[{"name":"wp","href":"https:\/\/api.w.org\/{rel}","templated":true}]}}