{"id":36388,"date":"2021-12-07T15:46:34","date_gmt":"2021-12-07T18:46:34","guid":{"rendered":"http:\/\/www.almargenweb.com.ar\/web\/?p=36388"},"modified":"2021-12-07T15:46:35","modified_gmt":"2021-12-07T18:46:35","slug":"sarampion-y-covid-19-cuales-son-los-peligros-de-la-caida-en-la-tasa-de-vacunacion","status":"publish","type":"post","link":"https:\/\/www.almargenweb.com.ar\/web\/sarampion-y-covid-19-cuales-son-los-peligros-de-la-caida-en-la-tasa-de-vacunacion\/","title":{"rendered":"Sarampi\u00f3n y Covid-19: cu\u00e1les son los peligros de la ca\u00edda en la tasa de vacunaci\u00f3n"},"content":{"rendered":"\n<p>La Argentina est\u00e1 considerada como uno de los pa\u00edses con el calendario de vacunaci\u00f3n m\u00e1s extenso, con 15 inmunizaciones obligatorias y dos destinadas a zonas de riesgo (Fiebre amarilla y Fiebre Hemorr\u00e1gica Argentina). <\/p>\n\n\n\n<p>La pandemia provoc\u00f3 una ca\u00edda en la aplicaci\u00f3n de estas vacunas y gener\u00f3 que algunas enfermedades que son escasamente detectadas gracias a los sueros, se presenten como amenazas.<\/p>\n\n\n\n<p>Pese a que en 2020 la Argentina volvi\u00f3 a posicionarse como un pa\u00eds libre de sarampi\u00f3n, el Ministerio de Salud nacional emiti\u00f3 en las \u00faltimas horas un alerta por \u201criesgo de reintroducci\u00f3n\u201d de esta enfermedad al pa\u00eds.<\/p>\n\n\n\n<p> Seg\u00fan se\u00f1ala el documento, esta situaci\u00f3n est\u00e1 relacionada con la disminuci\u00f3n de la cobertura de vacunaci\u00f3n y la circulaci\u00f3n del virus en Brasil y los brotes en Estados Unidos y otros pa\u00edses de Europa.<\/p>\n\n\n\n<figure class=\"wp-block-image size-large\"><img loading=\"lazy\" decoding=\"async\" width=\"1024\" height=\"576\" src=\"https:\/\/www.almargenweb.com.ar\/web\/wp-content\/uploads\/2021\/12\/Sarampion-1024x576.jpg\" alt=\"\" class=\"wp-image-36391\" srcset=\"https:\/\/www.almargenweb.com.ar\/web\/wp-content\/uploads\/2021\/12\/Sarampion-1024x576.jpg 1024w, https:\/\/www.almargenweb.com.ar\/web\/wp-content\/uploads\/2021\/12\/Sarampion-300x169.jpg 300w, https:\/\/www.almargenweb.com.ar\/web\/wp-content\/uploads\/2021\/12\/Sarampion-768x432.jpg 768w, https:\/\/www.almargenweb.com.ar\/web\/wp-content\/uploads\/2021\/12\/Sarampion.jpg 1200w\" sizes=\"auto, (max-width: 1024px) 100vw, 1024px\" \/><figcaption>El Ministerio de Salud emiti\u00f3 una alerta por la vuelta del sarampi\u00f3n a la Argentina como consecuencia de una ca\u00edda en las tasas de vacunaci\u00f3n.<\/figcaption><\/figure>\n\n\n\n<p>La vacuna triple viral incluye a la tos convulsa y ya han aparecido algunos casos, sobre todo a principios de a\u00f1o en lactantes. Esta enfermedad y sobre todo la meningitis bacteriana por Haemophilus (influenzae) pueden aparecer sino mejoramos las coberturas de vacunaci\u00f3n.<\/p>\n\n\n\n<p>Segun el informe, &#8220;la poblaci\u00f3n de adultos j\u00f3venes en donde se ha visto la reinserci\u00f3n de enfermedades&#8221;. En general, esta suele ser la poblaci\u00f3n donde aparecen los casos y esos son los que despu\u00e9s generan los brotes. <\/p>\n\n\n\n<p>Es ah\u00ed donde se intenta focalizar la campa\u00f1a de vacunaci\u00f3n, para el a\u00f1o que viene.<\/p>\n<!-- AddThis Advanced Settings generic via filter on the_content --><!-- AddThis Share Buttons generic via filter on the_content -->","protected":false},"excerpt":{"rendered":"<p>La Argentina est\u00e1 considerada como uno de los pa\u00edses con el calendario de vacunaci\u00f3n m\u00e1s extenso, [&hellip;]<!-- AddThis Advanced Settings generic via filter on get_the_excerpt --><!-- AddThis Share Buttons generic via filter on get_the_excerpt --><\/p>\n","protected":false},"author":16,"featured_media":36390,"comment_status":"open","ping_status":"open","sticky":false,"template":"","format":"standard","meta":{"_seopress_robots_primary_cat":"none","_seopress_titles_title":"","_seopress_titles_desc":"","_seopress_robots_index":"","_themeisle_gutenberg_block_has_review":false,"footnotes":""},"categories":[2,164,15],"tags":[],"class_list":["post-36388","post","type-post","status-publish","format-standard","has-post-thumbnail","hentry","category-actualidad","category-ambiente","category-salud"],"_links":{"self":[{"href":"https:\/\/www.almargenweb.com.ar\/web\/wp-json\/wp\/v2\/posts\/36388","targetHints":{"allow":["GET"]}}],"collection":[{"href":"https:\/\/www.almargenweb.com.ar\/web\/wp-json\/wp\/v2\/posts"}],"about":[{"href":"https:\/\/www.almargenweb.com.ar\/web\/wp-json\/wp\/v2\/types\/post"}],"author":[{"embeddable":true,"href":"https:\/\/www.almargenweb.com.ar\/web\/wp-json\/wp\/v2\/users\/16"}],"replies":[{"embeddable":true,"href":"https:\/\/www.almargenweb.com.ar\/web\/wp-json\/wp\/v2\/comments?post=36388"}],"version-history":[{"count":1,"href":"https:\/\/www.almargenweb.com.ar\/web\/wp-json\/wp\/v2\/posts\/36388\/revisions"}],"predecessor-version":[{"id":36392,"href":"https:\/\/www.almargenweb.com.ar\/web\/wp-json\/wp\/v2\/posts\/36388\/revisions\/36392"}],"wp:featuredmedia":[{"embeddable":true,"href":"https:\/\/www.almargenweb.com.ar\/web\/wp-json\/wp\/v2\/media\/36390"}],"wp:attachment":[{"href":"https:\/\/www.almargenweb.com.ar\/web\/wp-json\/wp\/v2\/media?parent=36388"}],"wp:term":[{"taxonomy":"category","embeddable":true,"href":"https:\/\/www.almargenweb.com.ar\/web\/wp-json\/wp\/v2\/categories?post=36388"},{"taxonomy":"post_tag","embeddable":true,"href":"https:\/\/www.almargenweb.com.ar\/web\/wp-json\/wp\/v2\/tags?post=36388"}],"curies":[{"name":"wp","href":"https:\/\/api.w.org\/{rel}","templated":true}]}}