{"id":36344,"date":"2021-12-01T19:45:33","date_gmt":"2021-12-01T22:45:33","guid":{"rendered":"http:\/\/www.almargenweb.com.ar\/web\/?p=36344"},"modified":"2021-12-01T19:45:34","modified_gmt":"2021-12-01T22:45:34","slug":"los-avances-de-la-ciencia-a-40-anos-de-la-aparicion-del-sida","status":"publish","type":"post","link":"https:\/\/www.almargenweb.com.ar\/web\/los-avances-de-la-ciencia-a-40-anos-de-la-aparicion-del-sida\/","title":{"rendered":"Los avances de la ciencia a 40 a\u00f1os de la aparici\u00f3n del Sida"},"content":{"rendered":"\n<p>El 1 de diciembre de cada a\u00f1o se conmemora el D\u00eda mundial de la lucha contra el HIV, ya que el primer caso fue diagnosticado este d\u00eda en 1981. <\/p>\n\n\n\n<p>Seg\u00fan el \u00faltimo reporte del Ministerio de Salud, 136 mil personas viven con HIV en la Argentina y un 17% (23 mil personas) desconoce su diagn\u00f3stico.<\/p>\n\n\n\n<p>Por a\u00f1o se producen un promedio de 4.500 nuevos casos, diagnostic\u00e1ndose 2,4 varones con VIH por cada mujer con el virus.<\/p>\n\n\n\n<p>Entre los varones, el 63 por ciento se infecta durante pr\u00e1cticas sexuales con otros varones y casi el 36 por ciento durante relaciones sexuales con mujeres cis.<\/p>\n\n\n\n<p>Las personas que viven con VIH y toman tratamiento antirretroviral con buena adherencia, tienen la misma expectativa de vida que las personas no infectadas, por lo que es importante hacer un diagn\u00f3stico temprano para brindar tratamiento en forma oportuna.<\/p>\n\n\n\n<p>Se est\u00e1n probando medicamentos que se pueden administrar por v\u00eda parenteral (intramuscular o intravenosa) en forma peri\u00f3dica (mensual), lo cual evitar\u00eda la toma diaria de remedios orales.<\/p>\n\n\n\n<figure class=\"wp-block-image size-large\"><img loading=\"lazy\" decoding=\"async\" width=\"1024\" height=\"576\" src=\"https:\/\/www.almargenweb.com.ar\/web\/wp-content\/uploads\/2021\/12\/img_20181127_095621-1-1024x576.jpg\" alt=\"\" class=\"wp-image-36349\" srcset=\"https:\/\/www.almargenweb.com.ar\/web\/wp-content\/uploads\/2021\/12\/img_20181127_095621-1-1024x576.jpg 1024w, https:\/\/www.almargenweb.com.ar\/web\/wp-content\/uploads\/2021\/12\/img_20181127_095621-1-300x169.jpg 300w, https:\/\/www.almargenweb.com.ar\/web\/wp-content\/uploads\/2021\/12\/img_20181127_095621-1-768x432.jpg 768w, https:\/\/www.almargenweb.com.ar\/web\/wp-content\/uploads\/2021\/12\/img_20181127_095621-1.jpg 1200w\" sizes=\"auto, (max-width: 1024px) 100vw, 1024px\" \/><figcaption>Seg\u00fan los especialistas, es importante hacer un diagn\u00f3stico antes de que el virus haya comprometido la inmunidad.<\/figcaption><\/figure>\n\n\n\n<p>Tambi\u00e9n se est\u00e1 utilizando la profilaxis preexposici\u00f3n (PrEP), que son medicamentos que toman las personas que est\u00e1n en riesgo de infecci\u00f3n por el VIH para prevenir contraerlo a trav\u00e9s de las relaciones sexuales o el consumo de drogas inyectables.<\/p>\n\n\n\n<p>Es importante hacer un diagn\u00f3stico antes de que el virus haya comprometido la inmunidad. <\/p>\n\n\n\n<p>En nuestro pa\u00eds, un 30% de las personas a quienes se les diagn\u00f3stica VIH tienen un diagn\u00f3stico tard\u00edo, es decir, que ya tienen una infecci\u00f3n oportunista o la inmunidad muy deteriorada.<\/p>\n<!-- AddThis Advanced Settings generic via filter on the_content --><!-- AddThis Share Buttons generic via filter on the_content -->","protected":false},"excerpt":{"rendered":"<p>El 1 de diciembre de cada a\u00f1o se conmemora el D\u00eda mundial de la lucha contra [&hellip;]<!-- AddThis Advanced Settings generic via filter on get_the_excerpt --><!-- AddThis Share Buttons generic via filter on get_the_excerpt --><\/p>\n","protected":false},"author":16,"featured_media":36348,"comment_status":"open","ping_status":"open","sticky":false,"template":"","format":"standard","meta":{"_seopress_robots_primary_cat":"none","_seopress_titles_title":"","_seopress_titles_desc":"","_seopress_robots_index":"","_themeisle_gutenberg_block_has_review":false,"footnotes":""},"categories":[2,164,15],"tags":[],"class_list":["post-36344","post","type-post","status-publish","format-standard","has-post-thumbnail","hentry","category-actualidad","category-ambiente","category-salud"],"_links":{"self":[{"href":"https:\/\/www.almargenweb.com.ar\/web\/wp-json\/wp\/v2\/posts\/36344","targetHints":{"allow":["GET"]}}],"collection":[{"href":"https:\/\/www.almargenweb.com.ar\/web\/wp-json\/wp\/v2\/posts"}],"about":[{"href":"https:\/\/www.almargenweb.com.ar\/web\/wp-json\/wp\/v2\/types\/post"}],"author":[{"embeddable":true,"href":"https:\/\/www.almargenweb.com.ar\/web\/wp-json\/wp\/v2\/users\/16"}],"replies":[{"embeddable":true,"href":"https:\/\/www.almargenweb.com.ar\/web\/wp-json\/wp\/v2\/comments?post=36344"}],"version-history":[{"count":1,"href":"https:\/\/www.almargenweb.com.ar\/web\/wp-json\/wp\/v2\/posts\/36344\/revisions"}],"predecessor-version":[{"id":36350,"href":"https:\/\/www.almargenweb.com.ar\/web\/wp-json\/wp\/v2\/posts\/36344\/revisions\/36350"}],"wp:featuredmedia":[{"embeddable":true,"href":"https:\/\/www.almargenweb.com.ar\/web\/wp-json\/wp\/v2\/media\/36348"}],"wp:attachment":[{"href":"https:\/\/www.almargenweb.com.ar\/web\/wp-json\/wp\/v2\/media?parent=36344"}],"wp:term":[{"taxonomy":"category","embeddable":true,"href":"https:\/\/www.almargenweb.com.ar\/web\/wp-json\/wp\/v2\/categories?post=36344"},{"taxonomy":"post_tag","embeddable":true,"href":"https:\/\/www.almargenweb.com.ar\/web\/wp-json\/wp\/v2\/tags?post=36344"}],"curies":[{"name":"wp","href":"https:\/\/api.w.org\/{rel}","templated":true}]}}