{"id":36339,"date":"2021-12-01T09:22:59","date_gmt":"2021-12-01T12:22:59","guid":{"rendered":"http:\/\/www.almargenweb.com.ar\/web\/?p=36339"},"modified":"2021-12-01T09:23:00","modified_gmt":"2021-12-01T12:23:00","slug":"segun-unicef-casi-6-millones-de-argentinos-pasan-hambre","status":"publish","type":"post","link":"https:\/\/www.almargenweb.com.ar\/web\/segun-unicef-casi-6-millones-de-argentinos-pasan-hambre\/","title":{"rendered":"Seg\u00fan UNICEF, casi 6 millones de argentinos pasan hambre"},"content":{"rendered":"\n<p>El informe que la Organizaci\u00f3n de las Naciones Unidas para la Alimentaci\u00f3n y la Agricultura (FAO), y el Fondo de las Naciones Unidas para la Infancia (UNICEF) presento este martes, tiene cifras alarmantes.<\/p>\n\n\n\n<p>El n\u00famero de personas que padecen hambre se encuentra en su punto m\u00e1s alto desde el a\u00f1o 2000, con un aumento del 30% solo entre 2019 y 2020. Cuatro de cada diez personas sufrieron inseguridad alimentaria durante 2020.<\/p>\n\n\n\n<p>En 2020, 59,7 millones de personas padecieron hambre. Entre 2019 y 2020, la prevalencia del hambre en Am\u00e9rica Latina y el Caribe aument\u00f3 en dos puntos porcentuales, lo que significa que 13,8 millones de personas m\u00e1s sufrieron hambre que en 2019.<\/p>\n\n\n\n<p>De esta manera \u201cel 41% de la poblaci\u00f3n de la regi\u00f3n sufre inseguridad alimentaria moderada o severa, lo que corresponde a 267 millones de personas cuyo derecho humano a la alimentaci\u00f3n no se est\u00e1 cumpliendo\u201d, asevera el trabajo. <\/p>\n\n\n\n<figure class=\"wp-block-image size-full\"><img loading=\"lazy\" decoding=\"async\" width=\"1000\" height=\"540\" src=\"https:\/\/www.almargenweb.com.ar\/web\/wp-content\/uploads\/2021\/12\/hambre-una-nina-come-una-arepa-caracas-algunos-hogares-debieron-aumentar-sus-plazas-recibir-mas-chicos-que-estaban-situacion-calle.jpg\" alt=\"\" class=\"wp-image-36342\" srcset=\"https:\/\/www.almargenweb.com.ar\/web\/wp-content\/uploads\/2021\/12\/hambre-una-nina-come-una-arepa-caracas-algunos-hogares-debieron-aumentar-sus-plazas-recibir-mas-chicos-que-estaban-situacion-calle.jpg 1000w, https:\/\/www.almargenweb.com.ar\/web\/wp-content\/uploads\/2021\/12\/hambre-una-nina-come-una-arepa-caracas-algunos-hogares-debieron-aumentar-sus-plazas-recibir-mas-chicos-que-estaban-situacion-calle-300x162.jpg 300w, https:\/\/www.almargenweb.com.ar\/web\/wp-content\/uploads\/2021\/12\/hambre-una-nina-come-una-arepa-caracas-algunos-hogares-debieron-aumentar-sus-plazas-recibir-mas-chicos-que-estaban-situacion-calle-768x415.jpg 768w\" sizes=\"auto, (max-width: 1000px) 100vw, 1000px\" \/><figcaption>En Am\u00e9rica Latina, 60 millones m\u00e1s de personas que en 2019 no tuvieron acceso f\u00edsico o econ\u00f3mico a comida en cantidad o calidad suficiente para su salud y desarrollo.<\/figcaption><\/figure>\n\n\n\n<p>Es decir, 60 millones m\u00e1s de personas que en 2019 no tuvieron acceso f\u00edsico o econ\u00f3mico a comida en cantidad o calidad suficiente para su salud y desarrollo.<\/p>\n\n\n\n<p>La inseguridad alimentaria moderada determina las dificultades de una persona para obtener alimento y que se ha visto obligada a reducir, a veces a lo largo de un a\u00f1o, la calidad y\/o cantidad de la comida que consumen debido a la falta de dinero o de otros recursos. <\/p>\n\n\n\n<p>En tanto, la inseguridad alimentaria grave, es cuando una padece hambre y, en su versi\u00f3n m\u00e1s extrema, lleva d\u00edas sin alimentarse.<\/p>\n\n\n\n<p>Ante el contexto de la pandemia de la COVID-19, entre 2019 y 2020, la inseguridad alimentaria moderada y grave, creci\u00f3 en 9 puntos porcentuales, el m\u00e1s alto en relaci\u00f3n al resto de las regiones del mundo.<\/p>\n<!-- AddThis Advanced Settings generic via filter on the_content --><!-- AddThis Share Buttons generic via filter on the_content -->","protected":false},"excerpt":{"rendered":"<p>El informe que la Organizaci\u00f3n de las Naciones Unidas para la Alimentaci\u00f3n y la Agricultura (FAO), [&hellip;]<!-- AddThis Advanced Settings generic via filter on get_the_excerpt --><!-- AddThis Share Buttons generic via filter on get_the_excerpt --><\/p>\n","protected":false},"author":16,"featured_media":36341,"comment_status":"open","ping_status":"open","sticky":false,"template":"","format":"standard","meta":{"_seopress_robots_primary_cat":"none","_seopress_titles_title":"","_seopress_titles_desc":"","_seopress_robots_index":"","_themeisle_gutenberg_block_has_review":false,"footnotes":""},"categories":[2,5,19,140,9,15],"tags":[],"class_list":["post-36339","post","type-post","status-publish","format-standard","has-post-thumbnail","hentry","category-actualidad","category-economia","category-educacion","category-nacionales","category-politica","category-salud"],"_links":{"self":[{"href":"https:\/\/www.almargenweb.com.ar\/web\/wp-json\/wp\/v2\/posts\/36339","targetHints":{"allow":["GET"]}}],"collection":[{"href":"https:\/\/www.almargenweb.com.ar\/web\/wp-json\/wp\/v2\/posts"}],"about":[{"href":"https:\/\/www.almargenweb.com.ar\/web\/wp-json\/wp\/v2\/types\/post"}],"author":[{"embeddable":true,"href":"https:\/\/www.almargenweb.com.ar\/web\/wp-json\/wp\/v2\/users\/16"}],"replies":[{"embeddable":true,"href":"https:\/\/www.almargenweb.com.ar\/web\/wp-json\/wp\/v2\/comments?post=36339"}],"version-history":[{"count":1,"href":"https:\/\/www.almargenweb.com.ar\/web\/wp-json\/wp\/v2\/posts\/36339\/revisions"}],"predecessor-version":[{"id":36343,"href":"https:\/\/www.almargenweb.com.ar\/web\/wp-json\/wp\/v2\/posts\/36339\/revisions\/36343"}],"wp:featuredmedia":[{"embeddable":true,"href":"https:\/\/www.almargenweb.com.ar\/web\/wp-json\/wp\/v2\/media\/36341"}],"wp:attachment":[{"href":"https:\/\/www.almargenweb.com.ar\/web\/wp-json\/wp\/v2\/media?parent=36339"}],"wp:term":[{"taxonomy":"category","embeddable":true,"href":"https:\/\/www.almargenweb.com.ar\/web\/wp-json\/wp\/v2\/categories?post=36339"},{"taxonomy":"post_tag","embeddable":true,"href":"https:\/\/www.almargenweb.com.ar\/web\/wp-json\/wp\/v2\/tags?post=36339"}],"curies":[{"name":"wp","href":"https:\/\/api.w.org\/{rel}","templated":true}]}}