{"id":36331,"date":"2021-11-30T10:27:33","date_gmt":"2021-11-30T13:27:33","guid":{"rendered":"http:\/\/www.almargenweb.com.ar\/web\/?p=36331"},"modified":"2021-11-30T10:27:35","modified_gmt":"2021-11-30T13:27:35","slug":"corridas-bancarias-el-banco-central-tuvo-que-salir-a-desmentir-supuesta-pesificacion-forzada","status":"publish","type":"post","link":"https:\/\/www.almargenweb.com.ar\/web\/corridas-bancarias-el-banco-central-tuvo-que-salir-a-desmentir-supuesta-pesificacion-forzada\/","title":{"rendered":"Corridas bancarias; el Banco Central tuvo que salir a desmentir supuesta pesificaci\u00f3n forzada"},"content":{"rendered":"\n<p>La autoridad monetaria aclar\u00f3 que &#8220;las decisiones que tom\u00f3 el Banco Central la semana pasada, referidas a la posici\u00f3n de cambio de las entidades financieras, no tienen efecto sobre los dep\u00f3sitos en d\u00f3lares en el sistema, ni con los activos que los respaldan&#8221;.<\/p>\n\n\n\n<p>En las ultimas hs, trascendieron en las redes diversos comentarios que advert\u00edan sobre una pesificaci\u00f3n de los d\u00f3lares a tipo de cambio oficial de $109, pero desde el BCRA lo adjudicaron a una &#8220;mala interpretaci\u00f3n&#8221; de la norma dispuesta el jueves \u00faltimo.<\/p>\n\n\n\n<p>El Banco Central a trav\u00e9s de un comunicado de prensa aclaro que &#8220;todos los dep\u00f3sitos en moneda extranjera cuentan con activos en la misma moneda que los respaldan&#8221;.<\/p>\n\n\n\n<p>Recordemos que existe una normativa espec\u00edfica con m\u00e1s de 20 a\u00f1os de vigencia que exige particularmente que los dep\u00f3sitos en d\u00f3lares est\u00e9n respaldados con activos en d\u00f3lares.<\/p>\n\n\n\n<p><\/p>\n<!-- AddThis Advanced Settings generic via filter on the_content --><!-- AddThis Share Buttons generic via filter on the_content -->","protected":false},"excerpt":{"rendered":"<p>La autoridad monetaria aclar\u00f3 que &#8220;las decisiones que tom\u00f3 el Banco Central la semana pasada, referidas [&hellip;]<!-- AddThis Advanced Settings generic via filter on get_the_excerpt --><!-- AddThis Share Buttons generic via filter on get_the_excerpt --><\/p>\n","protected":false},"author":16,"featured_media":36333,"comment_status":"open","ping_status":"open","sticky":false,"template":"","format":"standard","meta":{"_seopress_robots_primary_cat":"none","_seopress_titles_title":"","_seopress_titles_desc":"","_seopress_robots_index":"","_themeisle_gutenberg_block_has_review":false,"footnotes":""},"categories":[2,5,140,9],"tags":[],"class_list":["post-36331","post","type-post","status-publish","format-standard","has-post-thumbnail","hentry","category-actualidad","category-economia","category-nacionales","category-politica"],"_links":{"self":[{"href":"https:\/\/www.almargenweb.com.ar\/web\/wp-json\/wp\/v2\/posts\/36331","targetHints":{"allow":["GET"]}}],"collection":[{"href":"https:\/\/www.almargenweb.com.ar\/web\/wp-json\/wp\/v2\/posts"}],"about":[{"href":"https:\/\/www.almargenweb.com.ar\/web\/wp-json\/wp\/v2\/types\/post"}],"author":[{"embeddable":true,"href":"https:\/\/www.almargenweb.com.ar\/web\/wp-json\/wp\/v2\/users\/16"}],"replies":[{"embeddable":true,"href":"https:\/\/www.almargenweb.com.ar\/web\/wp-json\/wp\/v2\/comments?post=36331"}],"version-history":[{"count":1,"href":"https:\/\/www.almargenweb.com.ar\/web\/wp-json\/wp\/v2\/posts\/36331\/revisions"}],"predecessor-version":[{"id":36334,"href":"https:\/\/www.almargenweb.com.ar\/web\/wp-json\/wp\/v2\/posts\/36331\/revisions\/36334"}],"wp:featuredmedia":[{"embeddable":true,"href":"https:\/\/www.almargenweb.com.ar\/web\/wp-json\/wp\/v2\/media\/36333"}],"wp:attachment":[{"href":"https:\/\/www.almargenweb.com.ar\/web\/wp-json\/wp\/v2\/media?parent=36331"}],"wp:term":[{"taxonomy":"category","embeddable":true,"href":"https:\/\/www.almargenweb.com.ar\/web\/wp-json\/wp\/v2\/categories?post=36331"},{"taxonomy":"post_tag","embeddable":true,"href":"https:\/\/www.almargenweb.com.ar\/web\/wp-json\/wp\/v2\/tags?post=36331"}],"curies":[{"name":"wp","href":"https:\/\/api.w.org\/{rel}","templated":true}]}}