{"id":36327,"date":"2021-11-30T09:50:28","date_gmt":"2021-11-30T12:50:28","guid":{"rendered":"http:\/\/www.almargenweb.com.ar\/web\/?p=36327"},"modified":"2021-11-30T09:50:29","modified_gmt":"2021-11-30T12:50:29","slug":"fiestas-no-tan-felices-advierten-que-la-canasta-navidena-llegara-con-alzas-de-hasta-el-84","status":"publish","type":"post","link":"https:\/\/www.almargenweb.com.ar\/web\/fiestas-no-tan-felices-advierten-que-la-canasta-navidena-llegara-con-alzas-de-hasta-el-84\/","title":{"rendered":"Fiestas no tan felices; advierten que la canasta navide\u00f1a llegar\u00e1 con alzas de hasta el 84%"},"content":{"rendered":"\n<p>Un relevamiento a cargo de Consumidores Libres, que dirige H\u00e9ctor Polino, detall\u00f3 que el precio de 24 productos seleccionados de la llamada &#8220;Canasta Navide\u00f1a&#8221; tuvo un aumento del 64,64 % respecto al a\u00f1o 2020.<\/p>\n\n\n\n<p>La inflaci\u00f3n acumula casi 42% en el a\u00f1o y los productos para las fiestas de fin de a\u00f1o llegaron con subas del 65% seg\u00fan mediciones privadas.<\/p>\n\n\n\n<p>Un relevamiento a cargo de Consumidores Libres, detall\u00f3 que el precio de 24 productos seleccionados de la llamada &#8220;Canasta Navide\u00f1a&#8221; tuvo un aumento del 64,64 % respecto al a\u00f1o 2020.<\/p>\n\n\n\n<p>Mientras se negocia con las alimenticias el nuevo acuerdo de precios para despu\u00e9s del 7 de enero, desde la secretar\u00eda de Comercio, buscan cerrar una canasta navide\u00f1a que incluir\u00e1, entre otros productos, pan dulce, budines, turrones y sidra.<\/p>\n<!-- AddThis Advanced Settings generic via filter on the_content --><!-- AddThis Share Buttons generic via filter on the_content -->","protected":false},"excerpt":{"rendered":"<p>Un relevamiento a cargo de Consumidores Libres, que dirige H\u00e9ctor Polino, detall\u00f3 que el precio de [&hellip;]<!-- AddThis Advanced Settings generic via filter on get_the_excerpt --><!-- AddThis Share Buttons generic via filter on get_the_excerpt --><\/p>\n","protected":false},"author":16,"featured_media":36329,"comment_status":"open","ping_status":"open","sticky":false,"template":"","format":"standard","meta":{"_seopress_robots_primary_cat":"none","_seopress_titles_title":"","_seopress_titles_desc":"","_seopress_robots_index":"","_themeisle_gutenberg_block_has_review":false,"footnotes":""},"categories":[2,164,5,47,140,9],"tags":[],"class_list":["post-36327","post","type-post","status-publish","format-standard","has-post-thumbnail","hentry","category-actualidad","category-ambiente","category-economia","category-locales","category-nacionales","category-politica"],"_links":{"self":[{"href":"https:\/\/www.almargenweb.com.ar\/web\/wp-json\/wp\/v2\/posts\/36327","targetHints":{"allow":["GET"]}}],"collection":[{"href":"https:\/\/www.almargenweb.com.ar\/web\/wp-json\/wp\/v2\/posts"}],"about":[{"href":"https:\/\/www.almargenweb.com.ar\/web\/wp-json\/wp\/v2\/types\/post"}],"author":[{"embeddable":true,"href":"https:\/\/www.almargenweb.com.ar\/web\/wp-json\/wp\/v2\/users\/16"}],"replies":[{"embeddable":true,"href":"https:\/\/www.almargenweb.com.ar\/web\/wp-json\/wp\/v2\/comments?post=36327"}],"version-history":[{"count":1,"href":"https:\/\/www.almargenweb.com.ar\/web\/wp-json\/wp\/v2\/posts\/36327\/revisions"}],"predecessor-version":[{"id":36330,"href":"https:\/\/www.almargenweb.com.ar\/web\/wp-json\/wp\/v2\/posts\/36327\/revisions\/36330"}],"wp:featuredmedia":[{"embeddable":true,"href":"https:\/\/www.almargenweb.com.ar\/web\/wp-json\/wp\/v2\/media\/36329"}],"wp:attachment":[{"href":"https:\/\/www.almargenweb.com.ar\/web\/wp-json\/wp\/v2\/media?parent=36327"}],"wp:term":[{"taxonomy":"category","embeddable":true,"href":"https:\/\/www.almargenweb.com.ar\/web\/wp-json\/wp\/v2\/categories?post=36327"},{"taxonomy":"post_tag","embeddable":true,"href":"https:\/\/www.almargenweb.com.ar\/web\/wp-json\/wp\/v2\/tags?post=36327"}],"curies":[{"name":"wp","href":"https:\/\/api.w.org\/{rel}","templated":true}]}}