{"id":36313,"date":"2021-11-29T09:00:30","date_gmt":"2021-11-29T12:00:30","guid":{"rendered":"http:\/\/www.almargenweb.com.ar\/web\/?p=36313"},"modified":"2021-11-29T09:00:31","modified_gmt":"2021-11-29T12:00:31","slug":"nuevas-camionetas-0km-para-la-policia-reconocimiento-a-las-gestiones-de-muller-y-senn","status":"publish","type":"post","link":"https:\/\/www.almargenweb.com.ar\/web\/nuevas-camionetas-0km-para-la-policia-reconocimiento-a-las-gestiones-de-muller-y-senn\/","title":{"rendered":"Nuevas camionetas 0Km para la Polic\u00eda: Reconocimiento a las gestiones de M\u00fcller y Senn"},"content":{"rendered":"\n<p>Desde el Comit\u00e9 de la UCR \u201cAldo Tessio\u201d celebraron las adquisiciones pero tambi\u00e9n remarcaron que tanto el ejecutivo municipal como el provincial tienen las herramientas para dar mayores respuestas y mejorar la prestaci\u00f3n del servicio en la ciudad.<\/p>\n\n\n\n<p>El Comit\u00e9 de la UCR \u201cAldo Tessio\u201d celebr\u00f3 que la Polic\u00eda de Esperanza cuente con dos nuevas camionetas Amarok y un minib\u00fas, todas 0Km, destinadas a mejorar el servicio que se presta en toda la ciudad.<\/p>\n\n\n\n<p>En este sentido, reconocieron \u201cel trabajo tanto del concejal Rodrigo M\u00fcller, como de la diputada provincial, Jimena Senn, quienes presentaron sendos reclamos ante el Ministerio de Seguridad y en la C\u00e1mara de Diputados de la provincia, respectivamente, solicitando la reparaci\u00f3n de m\u00f3viles policiales fuera de servicio y la adquisici\u00f3n de nuevos para contar con mayor presencia policial en las calles de nuestra ciudad y del departamento Las Colonias\u201d.<\/p>\n\n\n\n<p>Luego, remarcaron que \u201cnos preocupa la lentitud en la capacidad de respuesta del gobierno provincial ya que a\u00fan no se han reparado los m\u00f3viles que hace meses est\u00e1n sin prestar servicio en el predio del exferrocarril\u201d.<\/p>\n\n\n\n<p>En ese sentido, a\u00f1adieron que \u201cnos sorprende la falta de coordinaci\u00f3n entre el ejecutivo municipal y provincial para brindar las respuestas necesarias frente a este flagelo, teniendo en cuenta que son del mismo partido pol\u00edtico, al igual que el senador departamental, y cuentan con las herramientas para hacerlo. Por lo tanto, esperamos que dejen de lado sus diferencias internas y prioricen la seguridad de todos los esperancinos y esperancinas\u201d.<\/p>\n\n\n\n<p>Por \u00faltimo, expresaron que \u201cdesde nuestra parte, continuaremos ejerciendo nuestro rol de oposici\u00f3n responsable, estando cerca de los ciudadanos y ciudadanas, escuchando sus necesidades e inquietudes, y gestionando para que cada d\u00eda nos acerquemos m\u00e1s a vivir en la sociedad que todos queremos y merecemos\u201d.<\/p>\n<!-- AddThis Advanced Settings generic via filter on the_content --><!-- AddThis Share Buttons generic via filter on the_content -->","protected":false},"excerpt":{"rendered":"<p>Desde el Comit\u00e9 de la UCR \u201cAldo Tessio\u201d celebraron las adquisiciones pero tambi\u00e9n remarcaron que tanto [&hellip;]<!-- AddThis Advanced Settings generic via filter on get_the_excerpt --><!-- AddThis Share Buttons generic via filter on get_the_excerpt --><\/p>\n","protected":false},"author":16,"featured_media":36315,"comment_status":"open","ping_status":"open","sticky":false,"template":"","format":"standard","meta":{"_seopress_robots_primary_cat":"none","_seopress_titles_title":"","_seopress_titles_desc":"","_seopress_robots_index":"","_themeisle_gutenberg_block_has_review":false,"footnotes":""},"categories":[2,164,20,21,47,9],"tags":[],"class_list":["post-36313","post","type-post","status-publish","format-standard","has-post-thumbnail","hentry","category-actualidad","category-ambiente","category-departamentales","category-las-colonias","category-locales","category-politica"],"_links":{"self":[{"href":"https:\/\/www.almargenweb.com.ar\/web\/wp-json\/wp\/v2\/posts\/36313","targetHints":{"allow":["GET"]}}],"collection":[{"href":"https:\/\/www.almargenweb.com.ar\/web\/wp-json\/wp\/v2\/posts"}],"about":[{"href":"https:\/\/www.almargenweb.com.ar\/web\/wp-json\/wp\/v2\/types\/post"}],"author":[{"embeddable":true,"href":"https:\/\/www.almargenweb.com.ar\/web\/wp-json\/wp\/v2\/users\/16"}],"replies":[{"embeddable":true,"href":"https:\/\/www.almargenweb.com.ar\/web\/wp-json\/wp\/v2\/comments?post=36313"}],"version-history":[{"count":1,"href":"https:\/\/www.almargenweb.com.ar\/web\/wp-json\/wp\/v2\/posts\/36313\/revisions"}],"predecessor-version":[{"id":36316,"href":"https:\/\/www.almargenweb.com.ar\/web\/wp-json\/wp\/v2\/posts\/36313\/revisions\/36316"}],"wp:featuredmedia":[{"embeddable":true,"href":"https:\/\/www.almargenweb.com.ar\/web\/wp-json\/wp\/v2\/media\/36315"}],"wp:attachment":[{"href":"https:\/\/www.almargenweb.com.ar\/web\/wp-json\/wp\/v2\/media?parent=36313"}],"wp:term":[{"taxonomy":"category","embeddable":true,"href":"https:\/\/www.almargenweb.com.ar\/web\/wp-json\/wp\/v2\/categories?post=36313"},{"taxonomy":"post_tag","embeddable":true,"href":"https:\/\/www.almargenweb.com.ar\/web\/wp-json\/wp\/v2\/tags?post=36313"}],"curies":[{"name":"wp","href":"https:\/\/api.w.org\/{rel}","templated":true}]}}