{"id":36299,"date":"2021-11-25T14:09:58","date_gmt":"2021-11-25T17:09:58","guid":{"rendered":"http:\/\/www.almargenweb.com.ar\/web\/?p=36299"},"modified":"2021-11-25T14:09:59","modified_gmt":"2021-11-25T17:09:59","slug":"las-colonias-trabajos-de-mantenimiento-en-el-vivero-comunal-de-san-carlos-sud","status":"publish","type":"post","link":"https:\/\/www.almargenweb.com.ar\/web\/las-colonias-trabajos-de-mantenimiento-en-el-vivero-comunal-de-san-carlos-sud\/","title":{"rendered":"Las Colonias; trabajos de mantenimiento en el Vivero Comunal de San Carlos Sud"},"content":{"rendered":"\n<p>En el departamento Las Colonias, la vecina localidad de San carlos Sud, cuenta con producci\u00f3n propia de especies arb\u00f3reas y florales. <\/p>\n\n\n\n<p>El Vivero Comunal, que naci\u00f3 hace cinco a\u00f1os y donde se pueden encontrar una gran variedad de plantas, plantines, semillas, \u00e1rboles; realiz\u00f3 tareas de mantenimiento y como anticipo de nueva temporada, dio detalles de los nuevos horarios de atenci\u00f3n al p\u00fablico.<\/p>\n\n\n\n<p>Lunes a S\u00e1bados por la ma\u00f1ana de 9 hs. a 12 hs. y por la tarde de 15 hs. a 18 hs.<br>Recordamos a quienes concurren que deben mantener el distanciamiento social y el uso obligatorio de barbijo o tapabocas.<\/p>\n\n\n\n<p><\/p>\n<!-- AddThis Advanced Settings generic via filter on the_content --><!-- AddThis Share Buttons generic via filter on the_content -->","protected":false},"excerpt":{"rendered":"<p>En el departamento Las Colonias, la vecina localidad de San carlos Sud, cuenta con producci\u00f3n propia [&hellip;]<!-- AddThis Advanced Settings generic via filter on get_the_excerpt --><!-- AddThis Share Buttons generic via filter on get_the_excerpt --><\/p>\n","protected":false},"author":16,"featured_media":36301,"comment_status":"open","ping_status":"open","sticky":false,"template":"","format":"standard","meta":{"_seopress_robots_primary_cat":"none","_seopress_titles_title":"","_seopress_titles_desc":"","_seopress_robots_index":"","_themeisle_gutenberg_block_has_review":false,"footnotes":""},"categories":[2,21],"tags":[],"class_list":["post-36299","post","type-post","status-publish","format-standard","has-post-thumbnail","hentry","category-actualidad","category-las-colonias"],"_links":{"self":[{"href":"https:\/\/www.almargenweb.com.ar\/web\/wp-json\/wp\/v2\/posts\/36299","targetHints":{"allow":["GET"]}}],"collection":[{"href":"https:\/\/www.almargenweb.com.ar\/web\/wp-json\/wp\/v2\/posts"}],"about":[{"href":"https:\/\/www.almargenweb.com.ar\/web\/wp-json\/wp\/v2\/types\/post"}],"author":[{"embeddable":true,"href":"https:\/\/www.almargenweb.com.ar\/web\/wp-json\/wp\/v2\/users\/16"}],"replies":[{"embeddable":true,"href":"https:\/\/www.almargenweb.com.ar\/web\/wp-json\/wp\/v2\/comments?post=36299"}],"version-history":[{"count":1,"href":"https:\/\/www.almargenweb.com.ar\/web\/wp-json\/wp\/v2\/posts\/36299\/revisions"}],"predecessor-version":[{"id":36302,"href":"https:\/\/www.almargenweb.com.ar\/web\/wp-json\/wp\/v2\/posts\/36299\/revisions\/36302"}],"wp:featuredmedia":[{"embeddable":true,"href":"https:\/\/www.almargenweb.com.ar\/web\/wp-json\/wp\/v2\/media\/36301"}],"wp:attachment":[{"href":"https:\/\/www.almargenweb.com.ar\/web\/wp-json\/wp\/v2\/media?parent=36299"}],"wp:term":[{"taxonomy":"category","embeddable":true,"href":"https:\/\/www.almargenweb.com.ar\/web\/wp-json\/wp\/v2\/categories?post=36299"},{"taxonomy":"post_tag","embeddable":true,"href":"https:\/\/www.almargenweb.com.ar\/web\/wp-json\/wp\/v2\/tags?post=36299"}],"curies":[{"name":"wp","href":"https:\/\/api.w.org\/{rel}","templated":true}]}}