{"id":36280,"date":"2021-11-24T12:15:00","date_gmt":"2021-11-24T15:15:00","guid":{"rendered":"http:\/\/www.almargenweb.com.ar\/web\/?p=36280"},"modified":"2021-11-24T10:47:01","modified_gmt":"2021-11-24T13:47:01","slug":"el-fotografo-martin-de-la-pena-presento-su-nuevo-libro-a-vuelo-de-pajaro-en-formato-digital","status":"publish","type":"post","link":"https:\/\/www.almargenweb.com.ar\/web\/el-fotografo-martin-de-la-pena-presento-su-nuevo-libro-a-vuelo-de-pajaro-en-formato-digital\/","title":{"rendered":"El fot\u00f3grafo Mart\u00edn de la Pe\u00f1a presento su nuevo libro &#8220;A vuelo de p\u00e1jaro&#8221; en formato digital"},"content":{"rendered":"\n<p>El material re\u00fane los primeros libros de la Pe\u00f1a, las gu\u00edas de aves, las producciones audiovisuales, las colecciones de nidos y huevos o la profusa actividad de divulgaci\u00f3n. En ocasiones aparecen por primera vez im\u00e1genes in\u00e9ditas de ilustradoras e ilustradores y fotograf\u00edas antiguas.<\/p>\n\n\n\n<p>Mart\u00edn de la Pe\u00f1a, que cumpli\u00f3 80 a\u00f1os, de los cuales lleva unos sesenta estudiando las aves, explico que &#8220;el libro es valioso para todos los p\u00fablicos, no s\u00f3lo la comunidad cient\u00edfica, sino tambi\u00e9n para docentes de todos los niveles; estudiantes secundarios, terciarios y universitarios; aficionados al conocimiento de las ciencias naturales; muse\u00f3logos e historiadores, entre otros&#8221;.<\/p>\n\n\n\n<p>A lo largo de 11 cap\u00edtulos, introduce a diversas facetas de la vida de este reconocido ornit\u00f3logo santafesino nacido en San Justo y radicado en Esperanza.<\/p>\n\n\n\n<figure class=\"wp-block-image size-large\"><img loading=\"lazy\" decoding=\"async\" width=\"1024\" height=\"678\" src=\"https:\/\/www.almargenweb.com.ar\/web\/wp-content\/uploads\/2021\/11\/Yo.Esperanza.13-11-2016-1024x678.jpg\" alt=\"\" class=\"wp-image-36284\" srcset=\"https:\/\/www.almargenweb.com.ar\/web\/wp-content\/uploads\/2021\/11\/Yo.Esperanza.13-11-2016-1024x678.jpg 1024w, https:\/\/www.almargenweb.com.ar\/web\/wp-content\/uploads\/2021\/11\/Yo.Esperanza.13-11-2016-300x199.jpg 300w, https:\/\/www.almargenweb.com.ar\/web\/wp-content\/uploads\/2021\/11\/Yo.Esperanza.13-11-2016-768x508.jpg 768w, https:\/\/www.almargenweb.com.ar\/web\/wp-content\/uploads\/2021\/11\/Yo.Esperanza.13-11-2016.jpg 1200w\" sizes=\"auto, (max-width: 1024px) 100vw, 1024px\" \/><figcaption>Mart\u00edn de la Pe\u00f1a es fot\u00f3grafo y Medico Veterinario, especializado en Patolog\u00edas Aviar.<\/figcaption><\/figure>\n\n\n\n<p>El nuevo trabajo, al igual que los anteriores, debi\u00f3 ser adaptado al soporte digital en virtud de la pandemia de Covid-19 que impidi\u00f3 hasta hace poco la apertura de espacios culturales con la presencia de p\u00fablico.<\/p>\n\n\n\n<p>El Museo Provincial de Ciencias Naturales \u201cFlorentino Ameghino\u201d, presenta el libro digital y gratuito &#8220;Mart\u00edn de la Pe\u00f1a a vuelo de p\u00e1jaro&#8221; y dispones  para su descarga online en formato PDF, el sitio <a href=\"http:\/\/www.museoameghino.gob.ar.\" data-type=\"URL\" data-id=\"www.museoameghino.gob.ar.\">www.museoameghino.gob.ar.<\/a><\/p>\n<!-- AddThis Advanced Settings generic via filter on the_content --><!-- AddThis Share Buttons generic via filter on the_content -->","protected":false},"excerpt":{"rendered":"<p>El material re\u00fane los primeros libros de la Pe\u00f1a, las gu\u00edas de aves, las producciones audiovisuales, [&hellip;]<!-- AddThis Advanced Settings generic via filter on get_the_excerpt --><!-- AddThis Share Buttons generic via filter on get_the_excerpt --><\/p>\n","protected":false},"author":16,"featured_media":36282,"comment_status":"open","ping_status":"open","sticky":false,"template":"","format":"standard","meta":{"_seopress_robots_primary_cat":"none","_seopress_titles_title":"","_seopress_titles_desc":"","_seopress_robots_index":"","_themeisle_gutenberg_block_has_review":false,"footnotes":""},"categories":[2,164,3,19,21,48],"tags":[],"class_list":["post-36280","post","type-post","status-publish","format-standard","has-post-thumbnail","hentry","category-actualidad","category-ambiente","category-cultura","category-educacion","category-las-colonias","category-provinciales"],"_links":{"self":[{"href":"https:\/\/www.almargenweb.com.ar\/web\/wp-json\/wp\/v2\/posts\/36280","targetHints":{"allow":["GET"]}}],"collection":[{"href":"https:\/\/www.almargenweb.com.ar\/web\/wp-json\/wp\/v2\/posts"}],"about":[{"href":"https:\/\/www.almargenweb.com.ar\/web\/wp-json\/wp\/v2\/types\/post"}],"author":[{"embeddable":true,"href":"https:\/\/www.almargenweb.com.ar\/web\/wp-json\/wp\/v2\/users\/16"}],"replies":[{"embeddable":true,"href":"https:\/\/www.almargenweb.com.ar\/web\/wp-json\/wp\/v2\/comments?post=36280"}],"version-history":[{"count":1,"href":"https:\/\/www.almargenweb.com.ar\/web\/wp-json\/wp\/v2\/posts\/36280\/revisions"}],"predecessor-version":[{"id":36285,"href":"https:\/\/www.almargenweb.com.ar\/web\/wp-json\/wp\/v2\/posts\/36280\/revisions\/36285"}],"wp:featuredmedia":[{"embeddable":true,"href":"https:\/\/www.almargenweb.com.ar\/web\/wp-json\/wp\/v2\/media\/36282"}],"wp:attachment":[{"href":"https:\/\/www.almargenweb.com.ar\/web\/wp-json\/wp\/v2\/media?parent=36280"}],"wp:term":[{"taxonomy":"category","embeddable":true,"href":"https:\/\/www.almargenweb.com.ar\/web\/wp-json\/wp\/v2\/categories?post=36280"},{"taxonomy":"post_tag","embeddable":true,"href":"https:\/\/www.almargenweb.com.ar\/web\/wp-json\/wp\/v2\/tags?post=36280"}],"curies":[{"name":"wp","href":"https:\/\/api.w.org\/{rel}","templated":true}]}}