{"id":36260,"date":"2021-11-22T08:25:05","date_gmt":"2021-11-22T11:25:05","guid":{"rendered":"http:\/\/www.almargenweb.com.ar\/web\/?p=36260"},"modified":"2021-11-22T08:25:07","modified_gmt":"2021-11-22T11:25:07","slug":"calor-en-esperanza-el-fin-de-semana-largo-termina-con-altas-temperaturas-pero-al-final-con-chances-de-lluvia","status":"publish","type":"post","link":"https:\/\/www.almargenweb.com.ar\/web\/calor-en-esperanza-el-fin-de-semana-largo-termina-con-altas-temperaturas-pero-al-final-con-chances-de-lluvia\/","title":{"rendered":"Calor en Esperanza; el fin de semana largo termina con altas temperaturas pero al final con chances de lluvia"},"content":{"rendered":"\n<p>Seg\u00fan los pron\u00f3sticos del Servicio Meteorol\u00f3gico Nacional, la temperatura m\u00e1xima llegar\u00eda hoy a los 36 grados. Las precipitaciones de esta noche har\u00edan aflojar un poco el calor.<\/p>\n\n\n\n<p>Este lunes feriado, la nubosidad ir\u00e1 aumentando por el acercamiento de un frente de aire fr\u00edo. Sin embargo, al no haber suficiente humedad, las probabilidades de lluvias son bajas y solo podr\u00edan ocurrir de forma aislada en la madrugada del martes.<\/p>\n\n\n\n<p>El d\u00eda martes El martes predominar\u00e1 el cielo parcialmente nublado, con condiciones algo inestables. Temperatura m\u00ednima de 19\u00b0, m\u00e1xima de 33\u00b0 y viento leve a moderado del sudeste con posibles r\u00e1fagas fuertes.<\/p>\n\n\n\n<p>Para el mi\u00e9rcoles, habr\u00e1 cielo parcial a totalmente cubierto, condiciones inestables con probables lluvias y tormentas, sobre todo desde la tarde. Temperatura m\u00ednima de 20\u00b0, m\u00e1xima de 32\u00b0 y viento leve del noreste.<\/p>\n<!-- AddThis Advanced Settings generic via filter on the_content --><!-- AddThis Share Buttons generic via filter on the_content -->","protected":false},"excerpt":{"rendered":"<p>Seg\u00fan los pron\u00f3sticos del Servicio Meteorol\u00f3gico Nacional, la temperatura m\u00e1xima llegar\u00eda hoy a los 36 grados. [&hellip;]<!-- AddThis Advanced Settings generic via filter on get_the_excerpt --><!-- AddThis Share Buttons generic via filter on get_the_excerpt --><\/p>\n","protected":false},"author":16,"featured_media":36262,"comment_status":"open","ping_status":"open","sticky":false,"template":"","format":"standard","meta":{"_seopress_robots_primary_cat":"none","_seopress_titles_title":"","_seopress_titles_desc":"","_seopress_robots_index":"","_themeisle_gutenberg_block_has_review":false,"footnotes":""},"categories":[2,164,21,47],"tags":[],"class_list":["post-36260","post","type-post","status-publish","format-standard","has-post-thumbnail","hentry","category-actualidad","category-ambiente","category-las-colonias","category-locales"],"_links":{"self":[{"href":"https:\/\/www.almargenweb.com.ar\/web\/wp-json\/wp\/v2\/posts\/36260","targetHints":{"allow":["GET"]}}],"collection":[{"href":"https:\/\/www.almargenweb.com.ar\/web\/wp-json\/wp\/v2\/posts"}],"about":[{"href":"https:\/\/www.almargenweb.com.ar\/web\/wp-json\/wp\/v2\/types\/post"}],"author":[{"embeddable":true,"href":"https:\/\/www.almargenweb.com.ar\/web\/wp-json\/wp\/v2\/users\/16"}],"replies":[{"embeddable":true,"href":"https:\/\/www.almargenweb.com.ar\/web\/wp-json\/wp\/v2\/comments?post=36260"}],"version-history":[{"count":1,"href":"https:\/\/www.almargenweb.com.ar\/web\/wp-json\/wp\/v2\/posts\/36260\/revisions"}],"predecessor-version":[{"id":36263,"href":"https:\/\/www.almargenweb.com.ar\/web\/wp-json\/wp\/v2\/posts\/36260\/revisions\/36263"}],"wp:featuredmedia":[{"embeddable":true,"href":"https:\/\/www.almargenweb.com.ar\/web\/wp-json\/wp\/v2\/media\/36262"}],"wp:attachment":[{"href":"https:\/\/www.almargenweb.com.ar\/web\/wp-json\/wp\/v2\/media?parent=36260"}],"wp:term":[{"taxonomy":"category","embeddable":true,"href":"https:\/\/www.almargenweb.com.ar\/web\/wp-json\/wp\/v2\/categories?post=36260"},{"taxonomy":"post_tag","embeddable":true,"href":"https:\/\/www.almargenweb.com.ar\/web\/wp-json\/wp\/v2\/tags?post=36260"}],"curies":[{"name":"wp","href":"https:\/\/api.w.org\/{rel}","templated":true}]}}