{"id":36252,"date":"2021-11-22T07:28:00","date_gmt":"2021-11-22T10:28:00","guid":{"rendered":"http:\/\/www.almargenweb.com.ar\/web\/?p=36252"},"modified":"2021-11-21T23:33:39","modified_gmt":"2021-11-22T02:33:39","slug":"mas-de-3-millones-de-turistas-recorrieron-el-pais-la-provincia-de-santa-fe-entre-los-destinos-preferidos","status":"publish","type":"post","link":"https:\/\/www.almargenweb.com.ar\/web\/mas-de-3-millones-de-turistas-recorrieron-el-pais-la-provincia-de-santa-fe-entre-los-destinos-preferidos\/","title":{"rendered":"M\u00e1s de 3 millones de turistas recorrieron el pa\u00eds; la provincia de Santa Fe entre los destinos preferidos"},"content":{"rendered":"\n<p>Estiman que unos 3.550.000 turistas recorrieron el pa\u00eds este fin de semana largo. Seg\u00fan los primeros datos del sector, esto representa entre un 20% y 25% m\u00e1s que el mismo fin de semana largo de 2019 y 2018, antes de la pandemia de coronavirus.<\/p>\n\n\n\n<p>Los principales destinos tur\u00edsticos argentinos registraban un alto nivel de reservas hoteleras para este fin de semana largo, mientras que en el litoral fluvial, Santa Fe se vuelve uno de los principales centros de atracci\u00f3n.<\/p>\n\n\n\n<p>Entre estos destacan los de gran capacidad de hospedaje, como Mar del Plata, Villa Carlos Paz, que rondaban el 90% de reservas, lo mismo que San Carlos de Bariloche, Salta y Ushuaia, aunque con con menor disponibilidad.<\/p>\n\n\n\n<p>Referentes del sector hab\u00edan augurado que al clima casi de verano y al incentivo del programa Previaje, distintos municipios del pa\u00eds sumaron planes promocionales para atraer turistas y organizaron actividades culturales y deportivas gratuitas como conciertos al aire libre y competencias de pesca y carreras.<\/p>\n<!-- AddThis Advanced Settings generic via filter on the_content --><!-- AddThis Share Buttons generic via filter on the_content -->","protected":false},"excerpt":{"rendered":"<p>Estiman que unos 3.550.000 turistas recorrieron el pa\u00eds este fin de semana largo. Seg\u00fan los primeros [&hellip;]<!-- AddThis Advanced Settings generic via filter on get_the_excerpt --><!-- AddThis Share Buttons generic via filter on get_the_excerpt --><\/p>\n","protected":false},"author":16,"featured_media":36254,"comment_status":"open","ping_status":"open","sticky":false,"template":"","format":"standard","meta":{"_seopress_robots_primary_cat":"none","_seopress_titles_title":"","_seopress_titles_desc":"","_seopress_robots_index":"","_themeisle_gutenberg_block_has_review":false,"footnotes":""},"categories":[2,164,140],"tags":[],"class_list":["post-36252","post","type-post","status-publish","format-standard","has-post-thumbnail","hentry","category-actualidad","category-ambiente","category-nacionales"],"_links":{"self":[{"href":"https:\/\/www.almargenweb.com.ar\/web\/wp-json\/wp\/v2\/posts\/36252","targetHints":{"allow":["GET"]}}],"collection":[{"href":"https:\/\/www.almargenweb.com.ar\/web\/wp-json\/wp\/v2\/posts"}],"about":[{"href":"https:\/\/www.almargenweb.com.ar\/web\/wp-json\/wp\/v2\/types\/post"}],"author":[{"embeddable":true,"href":"https:\/\/www.almargenweb.com.ar\/web\/wp-json\/wp\/v2\/users\/16"}],"replies":[{"embeddable":true,"href":"https:\/\/www.almargenweb.com.ar\/web\/wp-json\/wp\/v2\/comments?post=36252"}],"version-history":[{"count":1,"href":"https:\/\/www.almargenweb.com.ar\/web\/wp-json\/wp\/v2\/posts\/36252\/revisions"}],"predecessor-version":[{"id":36255,"href":"https:\/\/www.almargenweb.com.ar\/web\/wp-json\/wp\/v2\/posts\/36252\/revisions\/36255"}],"wp:featuredmedia":[{"embeddable":true,"href":"https:\/\/www.almargenweb.com.ar\/web\/wp-json\/wp\/v2\/media\/36254"}],"wp:attachment":[{"href":"https:\/\/www.almargenweb.com.ar\/web\/wp-json\/wp\/v2\/media?parent=36252"}],"wp:term":[{"taxonomy":"category","embeddable":true,"href":"https:\/\/www.almargenweb.com.ar\/web\/wp-json\/wp\/v2\/categories?post=36252"},{"taxonomy":"post_tag","embeddable":true,"href":"https:\/\/www.almargenweb.com.ar\/web\/wp-json\/wp\/v2\/tags?post=36252"}],"curies":[{"name":"wp","href":"https:\/\/api.w.org\/{rel}","templated":true}]}}