{"id":36245,"date":"2021-11-19T10:56:27","date_gmt":"2021-11-19T13:56:27","guid":{"rendered":"http:\/\/www.almargenweb.com.ar\/web\/?p=36245"},"modified":"2021-11-19T10:56:28","modified_gmt":"2021-11-19T13:56:28","slug":"fcv-unl-eligio-sus-nuevas-autoridades-para-el-periodo-2022-2026","status":"publish","type":"post","link":"https:\/\/www.almargenweb.com.ar\/web\/fcv-unl-eligio-sus-nuevas-autoridades-para-el-periodo-2022-2026\/","title":{"rendered":"FCV-UNL eligi\u00f3 sus nuevas autoridades para el per\u00edodo 2022-2026"},"content":{"rendered":"\n<p>El recientemente conformado Consejo Directivo de la FCV -UNL se reuni\u00f3 en sesi\u00f3n especial, el 16 de noviembre, para dar lugar a la elecci\u00f3n de autoridades para el periodo 2022 \u2013 2026. <\/p>\n\n\n\n<p>En la oportunidad result\u00f3 electo por unanimidad como Decano, el M.V. Sergio Alberto Parra y como Vicedecana, la Esp. Vet. Amorina S\u00e1nchez.<\/p>\n\n\n\n<p>El Decano electo tambi\u00e9n aprovech\u00f3 la ocasi\u00f3n para agradecer a los consejeros que han depositado su confianza en esta nueva representaci\u00f3n; y a cada uno de los integrantes de esta comunidad universitaria que han elegido su representaci\u00f3n para el Consejo Directivo, \u00f3rgano de gobierno m\u00e1s plural de esta instituci\u00f3n.<\/p>\n\n\n\n<p>&#8220;A pesar de las incertidumbres sociales, pol\u00edticas y econ\u00f3micas, la Facultad apuesta a ofrecer propuestas transformadoras, con esp\u00edritu de ideas renovadoras y fortalecimiento de espacios de demandas acad\u00e9micas, sociales e institucionales&#8221; destaco el flamante decano electo.<\/p>\n<!-- AddThis Advanced Settings generic via filter on the_content --><!-- AddThis Share Buttons generic via filter on the_content -->","protected":false},"excerpt":{"rendered":"<p>El recientemente conformado Consejo Directivo de la FCV -UNL se reuni\u00f3 en sesi\u00f3n especial, el 16 [&hellip;]<!-- AddThis Advanced Settings generic via filter on get_the_excerpt --><!-- AddThis Share Buttons generic via filter on get_the_excerpt --><\/p>\n","protected":false},"author":16,"featured_media":36247,"comment_status":"open","ping_status":"open","sticky":false,"template":"","format":"standard","meta":{"_seopress_robots_primary_cat":"none","_seopress_titles_title":"","_seopress_titles_desc":"","_seopress_robots_index":"","_themeisle_gutenberg_block_has_review":false,"footnotes":""},"categories":[2,164,19,21,47,9],"tags":[],"class_list":["post-36245","post","type-post","status-publish","format-standard","has-post-thumbnail","hentry","category-actualidad","category-ambiente","category-educacion","category-las-colonias","category-locales","category-politica"],"_links":{"self":[{"href":"https:\/\/www.almargenweb.com.ar\/web\/wp-json\/wp\/v2\/posts\/36245","targetHints":{"allow":["GET"]}}],"collection":[{"href":"https:\/\/www.almargenweb.com.ar\/web\/wp-json\/wp\/v2\/posts"}],"about":[{"href":"https:\/\/www.almargenweb.com.ar\/web\/wp-json\/wp\/v2\/types\/post"}],"author":[{"embeddable":true,"href":"https:\/\/www.almargenweb.com.ar\/web\/wp-json\/wp\/v2\/users\/16"}],"replies":[{"embeddable":true,"href":"https:\/\/www.almargenweb.com.ar\/web\/wp-json\/wp\/v2\/comments?post=36245"}],"version-history":[{"count":1,"href":"https:\/\/www.almargenweb.com.ar\/web\/wp-json\/wp\/v2\/posts\/36245\/revisions"}],"predecessor-version":[{"id":36248,"href":"https:\/\/www.almargenweb.com.ar\/web\/wp-json\/wp\/v2\/posts\/36245\/revisions\/36248"}],"wp:featuredmedia":[{"embeddable":true,"href":"https:\/\/www.almargenweb.com.ar\/web\/wp-json\/wp\/v2\/media\/36247"}],"wp:attachment":[{"href":"https:\/\/www.almargenweb.com.ar\/web\/wp-json\/wp\/v2\/media?parent=36245"}],"wp:term":[{"taxonomy":"category","embeddable":true,"href":"https:\/\/www.almargenweb.com.ar\/web\/wp-json\/wp\/v2\/categories?post=36245"},{"taxonomy":"post_tag","embeddable":true,"href":"https:\/\/www.almargenweb.com.ar\/web\/wp-json\/wp\/v2\/tags?post=36245"}],"curies":[{"name":"wp","href":"https:\/\/api.w.org\/{rel}","templated":true}]}}